{"id":3045,"date":"2026-04-15T10:30:00","date_gmt":"2026-04-15T08:30:00","guid":{"rendered":"https:\/\/www.ibericospefran.com\/?p=3045"},"modified":"2026-03-27T14:43:43","modified_gmt":"2026-03-27T13:43:43","slug":"consumo-ibericos-primavera","status":"publish","type":"post","link":"https:\/\/www.ibericospefran.com\/fr\/consumo-ibericos-primavera\/","title":{"rendered":"La llegada de la primavera y el consumo de ib\u00e9ricos: \u00bfc\u00f3mo adaptarse al cambio?"},"content":{"rendered":"<p>Con la llegada de la primavera, nuestros h\u00e1bitos de compra y de consumo cambian tanto como los d\u00edas y el clima. Por ello, el consumo de ib\u00e9ricos tambi\u00e9n.<\/p>\n\n\n\n<p>En esta \u00e9poca del a\u00f1o, los consumidores suelen buscar productos que se adapten a momentos sociales e informales, lo cual supone una gran oportunidad para los distribuidores y retailers para ajustar su oferta y, con ello, maximizar las ventas.<\/p>\n\n\n\n<p>Abril es un mes que marca el inicio de un periodo importante en el retail. Los encuentros con amigos o familiares, junto a reuniones informales, crean momentos de picoteo fuera de las comidas principales del d\u00eda.<\/p>\n\n\n\n<p>En este contexto, los productos ib\u00e9ricos no solo son un plato gourmet, sino un acompa\u00f1amiento ideal para este tipo de momentos. Por eso, es clave comprender c\u00f3mo se comporta el consumidor y saber qu\u00e9 formatos son m\u00e1s atractivos es imprescindible.<\/p>\n\n\n\n<h3 class=\"wp-block-heading\"><strong>\u00bfQu\u00e9 funciona mejor en lineal en esta \u00e9poca?<\/strong><\/h3>\n\n\n\n<p>Nuestra experiencia trabajando durante a\u00f1os con distribuidores y retailers nos ha ense\u00f1ado que existen ciertos formatos que destacan especialmente en esta temporada del a\u00f1o:<\/p>\n\n\n\n<ul class=\"wp-block-list\">\n<li><strong>Formatos loncheados listos para consumir:<\/strong> la practicidad es clave. El formato loncheado es ideal para aquellos consumidores que buscan productos que puedan disfrutar al instante, sin necesidad de preparaci\u00f3n. Los ib\u00e9ricos loncheados, contienen envases con un dise\u00f1o sencillo de abrir, lo que permite que cualquier momento de tapeo sea r\u00e1pido y sencillo.<\/li>\n\n\n\n<li><strong>Packs pensados para compartir:<\/strong> abril y mayo normalmente son meses en los que los encuentros sociales y las celebraciones informales est\u00e1n a la orden del d\u00eda. Los packs para compartir fomentan la compra de m\u00e1s unidades de las que se compran en otras \u00e9pocas del a\u00f1o. Convierte el consumo de los productos ib\u00e9ricos en una experiencia atractiva y social para los clientes.<\/li>\n\n\n\n<li><strong>Surtido de ib\u00e9ricos para ocasiones de aperitivo:<\/strong> los consumidores siempre han valorado la variedad. Por ello, ofrecer surtidos de ib\u00e9ricos permite la elecci\u00f3n a quien busca calidad evitando las complicaciones y, adem\u00e1s, provoca que cada uno de los encuentros sea \u00fanico.<\/li>\n\n\n\n<li><strong>Packaging que destaque en el lineal<\/strong>: dentro de un mercado competitivo, la visibilidad es crucial para destacar. Los productos que destacan de forma visual dentro del lineal llaman la atenci\u00f3n del consumidor y pueden ser decisivos a la hora de realizar compras compulsivas. Un buen dise\u00f1o que comunique frescura y calidad mejora la percepci\u00f3n de la marca y aumenta la rotaci\u00f3n de stock.<\/li>\n<\/ul>\n\n\n\n<h3 class=\"wp-block-heading\"><strong>\u00bfC\u00f3mo de importantes son los peque\u00f1os ajustes?<\/strong><\/h3>\n\n\n\n<p>Bajo nuestra experiencia, incluso los peque\u00f1os ajustes en el surtido pueden marcar una gran diferencia en las ventas. Revisar qu\u00e9 formatos se ofrecen, c\u00f3mo se comunican sus beneficios y c\u00f3mo se presentan en el lineal puede transformarse en un aumento de ventas. Lo fundamental es comprender que la primavera trae consigo cambios en momentos clave como los de consumo, tales como m\u00e1s reuniones informales, m\u00e1s aperitivos y menos comidas estructuradas.<\/p>\n\n\n\n<p>Por lo que, si actualmente te encuentras revisando tu categor\u00eda de ib\u00e9ricos favoritos para esta temporada, es imprescindible analizar qu\u00e9 tipo de productos y formatos facilitan las compras, comunican sus ventajas y se adaptan a los nuevos h\u00e1bitos de consumo.<\/p>\n\n\n\n<p>Una estrategia de surtido bien planificada no solo aumenta la rotaci\u00f3n, sino que mejora la percepci\u00f3n de la compa\u00f1\u00eda en los puntos de venta y, adem\u00e1s, fideliza al cliente.<\/p>\n\n\n\n<p>En <a href=\"https:\/\/www.ibericospefran.com\/fr\/\">Pefr\u00e1n<\/a>, llevamos muchos a\u00f1os acompa\u00f1ando a los distribuidores y retailers en la adaptaci\u00f3n de sus categor\u00edas de ib\u00e9ricos a las tendencias que hay en el mercado. Nos encanta compartir formatos, insights y estrategias que est\u00e1n funcionando, para que tu oferta est\u00e9 lo m\u00e1s alineada posible con lo que los consumidores demandan en primavera.<\/p>\n\n\n\n<p>Aprovechar esta estaci\u00f3n del picoteo y los encuentros entre amigos y familiares puede ser fundamental para impulsar tus ventas de productos ib\u00e9ricos. En este caso, solo necesitas observar, adaptarte y ofrecer productos que faciliten al consumidor la compra y con ello, el consumo de este.<\/p>\n\n\n\n<p><\/p>","protected":false},"excerpt":{"rendered":"<p>Con la llegada de la primavera, nuestros h\u00e1bitos de compra y de consumo cambian tanto como los d\u00edas y el clima. Por ello, el consumo &hellip;<\/p>\n<p class=\"read-more\"> <a class=\"\" href=\"https:\/\/www.ibericospefran.com\/fr\/consumo-ibericos-primavera\/\"> <span class=\"screen-reader-text\">La llegada de la primavera y el consumo de ib\u00e9ricos: \u00bfc\u00f3mo adaptarse al cambio?<\/span> Lire la suite\u00a0\u00bb<\/a><\/p>","protected":false},"author":2,"featured_media":3047,"comment_status":"closed","ping_status":"closed","sticky":false,"template":"","format":"standard","meta":{"_acf_changed":false,"site-sidebar-layout":"default","site-content-layout":"default","ast-global-header-display":"","ast-banner-title-visibility":"","ast-main-header-display":"","ast-hfb-above-header-display":"","ast-hfb-below-header-display":"","ast-hfb-mobile-header-display":"","site-post-title":"","ast-breadcrumbs-content":"","ast-featured-img":"","footer-sml-layout":"","theme-transparent-header-meta":"","adv-header-id-meta":"","stick-header-meta":"","header-above-stick-meta":"","header-main-stick-meta":"","header-below-stick-meta":"","footnotes":""},"categories":[73],"tags":[90,61,79,62,56,65],"class_list":["post-3045","post","type-post","status-publish","format-standard","has-post-thumbnail","hentry","category-productos","tag-embutidos-ibericos","tag-embutidos-pefran","tag-ibericos-de-salamanca","tag-ibericos-pefran","tag-productos-pefran","tag-santibanez-de-bejar"],"acf":[],"yoast_head":"<!-- This site is optimized with the Yoast SEO plugin v21.8 - https:\/\/yoast.com\/wordpress\/plugins\/seo\/ -->\n<title>La llegada de la primavera y el consumo de ib\u00e9ricos: \u00bfc\u00f3mo adaptarse al cambio? - Pefran<\/title>\n<meta name=\"description\" content=\"C\u00f3mo adaptar el consumo de ib\u00e9ricos en primavera con formatos y estrategias que impulsan las ventas en retail.\" \/>\n<meta name=\"robots\" content=\"index, follow, max-snippet:-1, max-image-preview:large, max-video-preview:-1\" \/>\n<link rel=\"canonical\" href=\"https:\/\/www.ibericospefran.com\/fr\/consumo-ibericos-primavera\/\" \/>\n<meta property=\"og:locale\" content=\"fr_FR\" \/>\n<meta property=\"og:type\" content=\"article\" \/>\n<meta property=\"og:title\" content=\"La llegada de la primavera y el consumo de ib\u00e9ricos: \u00bfc\u00f3mo adaptarse al cambio? - Pefran\" \/>\n<meta property=\"og:description\" content=\"C\u00f3mo adaptar el consumo de ib\u00e9ricos en primavera con formatos y estrategias que impulsan las ventas en retail.\" \/>\n<meta property=\"og:url\" content=\"https:\/\/www.ibericospefran.com\/fr\/consumo-ibericos-primavera\/\" \/>\n<meta property=\"og:site_name\" content=\"Pefran\" \/>\n<meta property=\"article:publisher\" content=\"https:\/\/www.facebook.com\/ibericospefran\" \/>\n<meta property=\"article:published_time\" content=\"2026-04-15T08:30:00+00:00\" \/>\n<meta property=\"article:modified_time\" content=\"2026-03-27T13:43:43+00:00\" \/>\n<meta property=\"og:image\" content=\"https:\/\/www.ibericospefran.com\/wp-content\/uploads\/2026\/03\/Pefran_16_04_Blog.jpg\" \/>\n\t<meta property=\"og:image:width\" content=\"1024\" \/>\n\t<meta property=\"og:image:height\" content=\"768\" \/>\n\t<meta property=\"og:image:type\" content=\"image\/jpeg\" \/>\n<meta name=\"author\" content=\"carmen\" \/>\n<meta name=\"twitter:card\" content=\"summary_large_image\" \/>\n<meta name=\"twitter:label1\" content=\"\u00c9crit par\" \/>\n\t<meta name=\"twitter:data1\" content=\"carmen\" \/>\n\t<meta name=\"twitter:label2\" content=\"Dur\u00e9e de lecture estim\u00e9e\" \/>\n\t<meta name=\"twitter:data2\" content=\"4 minutes\" \/>\n<script type=\"application\/ld+json\" class=\"yoast-schema-graph\">{\"@context\":\"https:\/\/schema.org\",\"@graph\":[{\"@type\":\"Article\",\"@id\":\"https:\/\/www.ibericospefran.com\/consumo-ibericos-primavera\/#article\",\"isPartOf\":{\"@id\":\"https:\/\/www.ibericospefran.com\/consumo-ibericos-primavera\/\"},\"author\":{\"name\":\"carmen\",\"@id\":\"https:\/\/www.ibericospefran.com\/#\/schema\/person\/4be2f524f4cce93fd9fce3657c01aa9c\"},\"headline\":\"La llegada de la primavera y el consumo de ib\u00e9ricos: \u00bfc\u00f3mo adaptarse al cambio?\",\"datePublished\":\"2026-04-15T08:30:00+00:00\",\"dateModified\":\"2026-03-27T13:43:43+00:00\",\"mainEntityOfPage\":{\"@id\":\"https:\/\/www.ibericospefran.com\/consumo-ibericos-primavera\/\"},\"wordCount\":708,\"publisher\":{\"@id\":\"https:\/\/www.ibericospefran.com\/#organization\"},\"keywords\":[\"embutidos ib\u00e9ricos\",\"embutidos pefr\u00e1n\",\"ib\u00e9ricos de salamanca\",\"Ib\u00e9ricos pefr\u00e1n\",\"productos Pefr\u00e1n\",\"santib\u00e1\u00f1ez de B\u00e9jar\"],\"articleSection\":[\"Productos\"],\"inLanguage\":\"fr-FR\"},{\"@type\":\"WebPage\",\"@id\":\"https:\/\/www.ibericospefran.com\/consumo-ibericos-primavera\/\",\"url\":\"https:\/\/www.ibericospefran.com\/consumo-ibericos-primavera\/\",\"name\":\"La llegada de la primavera y el consumo de ib\u00e9ricos: \u00bfc\u00f3mo adaptarse al cambio? - Pefran\",\"isPartOf\":{\"@id\":\"https:\/\/www.ibericospefran.com\/#website\"},\"datePublished\":\"2026-04-15T08:30:00+00:00\",\"dateModified\":\"2026-03-27T13:43:43+00:00\",\"description\":\"C\u00f3mo adaptar el consumo de ib\u00e9ricos en primavera con formatos y estrategias que impulsan las ventas en retail.\",\"breadcrumb\":{\"@id\":\"https:\/\/www.ibericospefran.com\/consumo-ibericos-primavera\/#breadcrumb\"},\"inLanguage\":\"fr-FR\",\"potentialAction\":[{\"@type\":\"ReadAction\",\"target\":[\"https:\/\/www.ibericospefran.com\/consumo-ibericos-primavera\/\"]}]},{\"@type\":\"BreadcrumbList\",\"@id\":\"https:\/\/www.ibericospefran.com\/consumo-ibericos-primavera\/#breadcrumb\",\"itemListElement\":[{\"@type\":\"ListItem\",\"position\":1,\"name\":\"Portada\",\"item\":\"https:\/\/www.ibericospefran.com\/\"},{\"@type\":\"ListItem\",\"position\":2,\"name\":\"La llegada de la primavera y el consumo de ib\u00e9ricos: \u00bfc\u00f3mo adaptarse al cambio?\"}]},{\"@type\":\"WebSite\",\"@id\":\"https:\/\/www.ibericospefran.com\/#website\",\"url\":\"https:\/\/www.ibericospefran.com\/\",\"name\":\"Ib\u00e9ricos Pefr\u00e1n\",\"description\":\"Embutidos ib\u00e9ricos\",\"publisher\":{\"@id\":\"https:\/\/www.ibericospefran.com\/#organization\"},\"potentialAction\":[{\"@type\":\"SearchAction\",\"target\":{\"@type\":\"EntryPoint\",\"urlTemplate\":\"https:\/\/www.ibericospefran.com\/?s={search_term_string}\"},\"query-input\":\"required name=search_term_string\"}],\"inLanguage\":\"fr-FR\"},{\"@type\":\"Organization\",\"@id\":\"https:\/\/www.ibericospefran.com\/#organization\",\"name\":\"Ib\u00e9ricos Pefr\u00e1n\",\"url\":\"https:\/\/www.ibericospefran.com\/\",\"logo\":{\"@type\":\"ImageObject\",\"inLanguage\":\"fr-FR\",\"@id\":\"https:\/\/www.ibericospefran.com\/#\/schema\/logo\/image\/\",\"url\":\"https:\/\/www.ibericospefran.com\/wp-content\/uploads\/2022\/11\/Logo_PEFRAN_naturalmente.svg\",\"contentUrl\":\"https:\/\/www.ibericospefran.com\/wp-content\/uploads\/2022\/11\/Logo_PEFRAN_naturalmente.svg\",\"width\":100,\"height\":100,\"caption\":\"Ib\u00e9ricos Pefr\u00e1n\"},\"image\":{\"@id\":\"https:\/\/www.ibericospefran.com\/#\/schema\/logo\/image\/\"},\"sameAs\":[\"https:\/\/www.facebook.com\/ibericospefran\",\"https:\/\/www.linkedin.com\/company\/ibericos-pefran\",\"https:\/\/www.instagram.com\/ibericospefran\/\"]},{\"@type\":\"Person\",\"@id\":\"https:\/\/www.ibericospefran.com\/#\/schema\/person\/4be2f524f4cce93fd9fce3657c01aa9c\",\"name\":\"carmen\"}]}<\/script>\n<!-- \/ Yoast SEO plugin. -->","yoast_head_json":{"title":"La llegada de la primavera y el consumo de ib\u00e9ricos: \u00bfc\u00f3mo adaptarse al cambio? - Pefran","description":"C\u00f3mo adaptar el consumo de ib\u00e9ricos en primavera con formatos y estrategias que impulsan las ventas en retail.","robots":{"index":"index","follow":"follow","max-snippet":"max-snippet:-1","max-image-preview":"max-image-preview:large","max-video-preview":"max-video-preview:-1"},"canonical":"https:\/\/www.ibericospefran.com\/fr\/consumo-ibericos-primavera\/","og_locale":"fr_FR","og_type":"article","og_title":"La llegada de la primavera y el consumo de ib\u00e9ricos: \u00bfc\u00f3mo adaptarse al cambio? - Pefran","og_description":"C\u00f3mo adaptar el consumo de ib\u00e9ricos en primavera con formatos y estrategias que impulsan las ventas en retail.","og_url":"https:\/\/www.ibericospefran.com\/fr\/consumo-ibericos-primavera\/","og_site_name":"Pefran","article_publisher":"https:\/\/www.facebook.com\/ibericospefran","article_published_time":"2026-04-15T08:30:00+00:00","article_modified_time":"2026-03-27T13:43:43+00:00","og_image":[{"width":1024,"height":768,"url":"https:\/\/www.ibericospefran.com\/wp-content\/uploads\/2026\/03\/Pefran_16_04_Blog.jpg","type":"image\/jpeg"}],"author":"carmen","twitter_card":"summary_large_image","twitter_misc":{"\u00c9crit par":"carmen","Dur\u00e9e de lecture estim\u00e9e":"4 minutes"},"schema":{"@context":"https:\/\/schema.org","@graph":[{"@type":"Article","@id":"https:\/\/www.ibericospefran.com\/consumo-ibericos-primavera\/#article","isPartOf":{"@id":"https:\/\/www.ibericospefran.com\/consumo-ibericos-primavera\/"},"author":{"name":"carmen","@id":"https:\/\/www.ibericospefran.com\/#\/schema\/person\/4be2f524f4cce93fd9fce3657c01aa9c"},"headline":"La llegada de la primavera y el consumo de ib\u00e9ricos: \u00bfc\u00f3mo adaptarse al cambio?","datePublished":"2026-04-15T08:30:00+00:00","dateModified":"2026-03-27T13:43:43+00:00","mainEntityOfPage":{"@id":"https:\/\/www.ibericospefran.com\/consumo-ibericos-primavera\/"},"wordCount":708,"publisher":{"@id":"https:\/\/www.ibericospefran.com\/#organization"},"keywords":["embutidos ib\u00e9ricos","embutidos pefr\u00e1n","ib\u00e9ricos de salamanca","Ib\u00e9ricos pefr\u00e1n","productos Pefr\u00e1n","santib\u00e1\u00f1ez de B\u00e9jar"],"articleSection":["Productos"],"inLanguage":"fr-FR"},{"@type":"WebPage","@id":"https:\/\/www.ibericospefran.com\/consumo-ibericos-primavera\/","url":"https:\/\/www.ibericospefran.com\/consumo-ibericos-primavera\/","name":"La llegada de la primavera y el consumo de ib\u00e9ricos: \u00bfc\u00f3mo adaptarse al cambio? - Pefran","isPartOf":{"@id":"https:\/\/www.ibericospefran.com\/#website"},"datePublished":"2026-04-15T08:30:00+00:00","dateModified":"2026-03-27T13:43:43+00:00","description":"C\u00f3mo adaptar el consumo de ib\u00e9ricos en primavera con formatos y estrategias que impulsan las ventas en retail.","breadcrumb":{"@id":"https:\/\/www.ibericospefran.com\/consumo-ibericos-primavera\/#breadcrumb"},"inLanguage":"fr-FR","potentialAction":[{"@type":"ReadAction","target":["https:\/\/www.ibericospefran.com\/consumo-ibericos-primavera\/"]}]},{"@type":"BreadcrumbList","@id":"https:\/\/www.ibericospefran.com\/consumo-ibericos-primavera\/#breadcrumb","itemListElement":[{"@type":"ListItem","position":1,"name":"Portada","item":"https:\/\/www.ibericospefran.com\/"},{"@type":"ListItem","position":2,"name":"La llegada de la primavera y el consumo de ib\u00e9ricos: \u00bfc\u00f3mo adaptarse al cambio?"}]},{"@type":"WebSite","@id":"https:\/\/www.ibericospefran.com\/#website","url":"https:\/\/www.ibericospefran.com\/","name":"Ib\u00e9ricos Pefr\u00e1n","description":"Embutidos ib\u00e9ricos","publisher":{"@id":"https:\/\/www.ibericospefran.com\/#organization"},"potentialAction":[{"@type":"SearchAction","target":{"@type":"EntryPoint","urlTemplate":"https:\/\/www.ibericospefran.com\/?s={search_term_string}"},"query-input":"required name=search_term_string"}],"inLanguage":"fr-FR"},{"@type":"Organization","@id":"https:\/\/www.ibericospefran.com\/#organization","name":"Ib\u00e9ricos Pefr\u00e1n","url":"https:\/\/www.ibericospefran.com\/","logo":{"@type":"ImageObject","inLanguage":"fr-FR","@id":"https:\/\/www.ibericospefran.com\/#\/schema\/logo\/image\/","url":"https:\/\/www.ibericospefran.com\/wp-content\/uploads\/2022\/11\/Logo_PEFRAN_naturalmente.svg","contentUrl":"https:\/\/www.ibericospefran.com\/wp-content\/uploads\/2022\/11\/Logo_PEFRAN_naturalmente.svg","width":100,"height":100,"caption":"Ib\u00e9ricos Pefr\u00e1n"},"image":{"@id":"https:\/\/www.ibericospefran.com\/#\/schema\/logo\/image\/"},"sameAs":["https:\/\/www.facebook.com\/ibericospefran","https:\/\/www.linkedin.com\/company\/ibericos-pefran","https:\/\/www.instagram.com\/ibericospefran\/"]},{"@type":"Person","@id":"https:\/\/www.ibericospefran.com\/#\/schema\/person\/4be2f524f4cce93fd9fce3657c01aa9c","name":"carmen"}]}},"_links":{"self":[{"href":"https:\/\/www.ibericospefran.com\/fr\/wp-json\/wp\/v2\/posts\/3045","targetHints":{"allow":["GET"]}}],"collection":[{"href":"https:\/\/www.ibericospefran.com\/fr\/wp-json\/wp\/v2\/posts"}],"about":[{"href":"https:\/\/www.ibericospefran.com\/fr\/wp-json\/wp\/v2\/types\/post"}],"author":[{"embeddable":true,"href":"https:\/\/www.ibericospefran.com\/fr\/wp-json\/wp\/v2\/users\/2"}],"replies":[{"embeddable":true,"href":"https:\/\/www.ibericospefran.com\/fr\/wp-json\/wp\/v2\/comments?post=3045"}],"version-history":[{"count":2,"href":"https:\/\/www.ibericospefran.com\/fr\/wp-json\/wp\/v2\/posts\/3045\/revisions"}],"predecessor-version":[{"id":3048,"href":"https:\/\/www.ibericospefran.com\/fr\/wp-json\/wp\/v2\/posts\/3045\/revisions\/3048"}],"wp:featuredmedia":[{"embeddable":true,"href":"https:\/\/www.ibericospefran.com\/fr\/wp-json\/wp\/v2\/media\/3047"}],"wp:attachment":[{"href":"https:\/\/www.ibericospefran.com\/fr\/wp-json\/wp\/v2\/media?parent=3045"}],"wp:term":[{"taxonomy":"category","embeddable":true,"href":"https:\/\/www.ibericospefran.com\/fr\/wp-json\/wp\/v2\/categories?post=3045"},{"taxonomy":"post_tag","embeddable":true,"href":"https:\/\/www.ibericospefran.com\/fr\/wp-json\/wp\/v2\/tags?post=3045"}],"curies":[{"name":"wp","href":"https:\/\/api.w.org\/{rel}","templated":true}]}}