{"id":3042,"date":"2026-03-23T10:36:38","date_gmt":"2026-03-23T09:36:38","guid":{"rendered":"https:\/\/www.ibericospefran.com\/?p=3042"},"modified":"2026-03-23T10:36:40","modified_gmt":"2026-03-23T09:36:40","slug":"indicadores-calidad-embutido-iberico","status":"publish","type":"post","link":"https:\/\/www.ibericospefran.com\/fr\/indicadores-calidad-embutido-iberico\/","title":{"rendered":"\u00bfQu\u00e9 indicadores t\u00e9cnicos determinan la calidad de un embutido?"},"content":{"rendered":"<p>En distribuci\u00f3n alimentaria, la configuraci\u00f3n del lineal de charcuter\u00eda no deber\u00eda basarse \u00fanicamente en el precio o la rotaci\u00f3n. La verdadera rentabilidad se construye mediante ciertos indicadores de calidad, es decir; a partir de la estabilidad del producto, su rendimiento en el punto de venta y la percepci\u00f3n de calidad que genera en el consumidor final.<\/p>\n\n\n\n<p>Comprender las diferencias estructurales entre un embutido de producci\u00f3n masiva y uno elaborado con procesos m\u00e1s controlados permite tomar decisiones m\u00e1s estrat\u00e9gicas en la composici\u00f3n del surtido.<\/p>\n\n\n\n<p><strong>Modelo industrial: eficiencia y estandarizaci\u00f3n<\/strong><\/p>\n\n\n\n<p>La fabricaci\u00f3n a gran escala prioriza la optimizaci\u00f3n de costes y la velocidad de producci\u00f3n. Esto se traduce en procesos altamente mecanizados y formulaciones dise\u00f1adas para garantizar uniformidad y disponibilidad constante.<\/p>\n\n\n\n<p>En algunos casos, esta estandarizaci\u00f3n puede implicar:<\/p>\n\n\n\n<ul class=\"wp-block-list\">\n<li><strong>Formulaciones orientadas al peso final<\/strong>, donde determinados ingredientes contribuyen a retener humedad y mejorar rendimiento inmediato.<\/li>\n\n\n\n<li><strong>Curaciones aceleradas<\/strong>, que reducen tiempos de producci\u00f3n, pero limitan el desarrollo completo del perfil arom\u00e1tico.<\/li>\n\n\n\n<li><strong>Procesos de picado masivo<\/strong>, que favorecen la homogeneidad visual, aunque pueden diluir la identidad propia de cada receta. Este modelo responde a una l\u00f3gica de volumen, pero no siempre aporta diferenciaci\u00f3n en el lineal.<\/li>\n<\/ul>\n\n\n\n<p><strong>Producci\u00f3n controlada: enfoque en estructura y rendimiento<\/strong><\/p>\n\n\n\n<p>En elaboraciones con mayor control t\u00e9cnico, el proceso se centra en la calidad estructural del producto y en su comportamiento real en el mostrador.<\/p>\n\n\n\n<p>Aspectos como la selecci\u00f3n del magro, la ausencia de rellenos innecesarios y el respeto por los tiempos naturales de curaci\u00f3n influyen directamente en:<\/p>\n\n\n\n<ul class=\"wp-block-list\">\n<li><strong>La firmeza al corte y la estabilidad en el loncheado.<\/strong><\/li>\n\n\n\n<li><strong>La menor merma durante la manipulaci\u00f3n.<\/strong><\/li>\n\n\n\n<li><strong>Un perfil sensorial m\u00e1s definido y constante.<\/strong><\/li>\n<\/ul>\n\n\n\n<p>Estas variables impactan de forma directa en la operativa diaria y en la percepci\u00f3n del consumidor.<\/p>\n\n\n\n<p><strong>Construir valor en el lineal<\/strong><\/p>\n\n\n\n<p>Incorporar referencias con mayor diferenciaci\u00f3n t\u00e9cnica permite equilibrar el surtido y ofrecer alternativas que aporten valor a\u00f1adido. No se trata de sustituir volumen por especializaci\u00f3n, sino de combinar eficiencia con identidad.<\/p>\n\n\n\n<p>Un embutido con estructura firme, ingredientes claros y perfil estable mejora el rendimiento por metro lineal, reduce incidencias en el punto de venta y refuerza la imagen de la secci\u00f3n.<\/p>\n\n\n\n<p><strong>M\u00e1s all\u00e1 del coste unitario<\/strong><\/p>\n\n\n\n<p>La comparaci\u00f3n entre modelos productivos no deber\u00eda limitarse al precio de compra. Factores como regularidad, comportamiento al corte, estabilidad y posicionamiento en el lineal forman parte del an\u00e1lisis estrat\u00e9gico.<\/p>\n\n\n\n<p>En Ib\u00e9ricos Pefr\u00e1n trabajamos desde ese enfoque, con procesos definidos, control t\u00e9cnico y recetas equilibradas que priorizan calidad y regularidad como base de una relaci\u00f3n profesional a largo plazo.<\/p>\n\n\n\n<p>Desde el punto de vista operativo, la diferencia entre el embutido industrial y el artesanal de Pefr\u00e1n radica en la estabilidad y la confianza. Mientras que la industria busca el margen recortando en el proceso de fabricaci\u00f3n, nosotros ofrecemos margen a trav\u00e9s de un producto que no falla y que posiciona al distribuidor como un referente de calidad ante sus clientes.<\/p>\n\n\n\n<p>En <a href=\"https:\/\/www.ibericospefran.com\/fr\/\">Ib\u00e9ricos Pefr\u00e1n<\/a> te ayudamos a asegurar la m\u00e1xima calidad en cada bocado, con una gama de productos que es el resultado de a\u00f1os de maestr\u00eda y respeto por lo natural.<\/p>\n\n\n\n<p><\/p>","protected":false},"excerpt":{"rendered":"<p>En distribuci\u00f3n alimentaria, la configuraci\u00f3n del lineal de charcuter\u00eda no deber\u00eda basarse \u00fanicamente en el precio o la rotaci\u00f3n. La verdadera rentabilidad se construye mediante &hellip;<\/p>\n<p class=\"read-more\"> <a class=\"\" href=\"https:\/\/www.ibericospefran.com\/fr\/indicadores-calidad-embutido-iberico\/\"> <span class=\"screen-reader-text\">\u00bfQu\u00e9 indicadores t\u00e9cnicos determinan la calidad de un embutido?<\/span> Lire la suite\u00a0\u00bb<\/a><\/p>","protected":false},"author":2,"featured_media":3043,"comment_status":"closed","ping_status":"closed","sticky":false,"template":"","format":"standard","meta":{"_acf_changed":false,"site-sidebar-layout":"default","site-content-layout":"default","ast-global-header-display":"","ast-banner-title-visibility":"","ast-main-header-display":"","ast-hfb-above-header-display":"","ast-hfb-below-header-display":"","ast-hfb-mobile-header-display":"","site-post-title":"","ast-breadcrumbs-content":"","ast-featured-img":"","footer-sml-layout":"","theme-transparent-header-meta":"","adv-header-id-meta":"","stick-header-meta":"","header-above-stick-meta":"","header-main-stick-meta":"","header-below-stick-meta":"","footnotes":""},"categories":[73,63],"tags":[129,127,90,61,79,62,56,131],"class_list":["post-3042","post","type-post","status-publish","format-standard","has-post-thumbnail","hentry","category-productos","category-sabias-que","tag-calidad-alimentaria","tag-charcuteria","tag-embutidos-ibericos","tag-embutidos-pefran","tag-ibericos-de-salamanca","tag-ibericos-pefran","tag-productos-pefran","tag-retail-alimentario"],"acf":[],"yoast_head":"<!-- This site is optimized with the Yoast SEO plugin v21.8 - https:\/\/yoast.com\/wordpress\/plugins\/seo\/ -->\n<title>\u00bfQu\u00e9 indicadores t\u00e9cnicos determinan la calidad de un embutido? - Pefran<\/title>\n<meta name=\"description\" content=\"Descubre qu\u00e9 indicadores t\u00e9cnicos determinan la calidad real de un embutido y c\u00f3mo influyen en su rendimiento, estabilidad y percepci\u00f3n.\" \/>\n<meta name=\"robots\" content=\"index, follow, max-snippet:-1, max-image-preview:large, max-video-preview:-1\" \/>\n<link rel=\"canonical\" href=\"https:\/\/www.ibericospefran.com\/fr\/indicadores-calidad-embutido-iberico\/\" \/>\n<meta property=\"og:locale\" content=\"fr_FR\" \/>\n<meta property=\"og:type\" content=\"article\" \/>\n<meta property=\"og:title\" content=\"\u00bfQu\u00e9 indicadores t\u00e9cnicos determinan la calidad de un embutido? - Pefran\" \/>\n<meta property=\"og:description\" content=\"Descubre qu\u00e9 indicadores t\u00e9cnicos determinan la calidad real de un embutido y c\u00f3mo influyen en su rendimiento, estabilidad y percepci\u00f3n.\" \/>\n<meta property=\"og:url\" content=\"https:\/\/www.ibericospefran.com\/fr\/indicadores-calidad-embutido-iberico\/\" \/>\n<meta property=\"og:site_name\" content=\"Pefran\" \/>\n<meta property=\"article:publisher\" content=\"https:\/\/www.facebook.com\/ibericospefran\" \/>\n<meta property=\"article:published_time\" content=\"2026-03-23T09:36:38+00:00\" \/>\n<meta property=\"article:modified_time\" content=\"2026-03-23T09:36:40+00:00\" \/>\n<meta property=\"og:image\" content=\"https:\/\/www.ibericospefran.com\/wp-content\/uploads\/2026\/03\/Pefran_Blog_Marzo_Indicadores_Tecnicos.jpg\" \/>\n\t<meta property=\"og:image:width\" content=\"1024\" \/>\n\t<meta property=\"og:image:height\" content=\"768\" \/>\n\t<meta property=\"og:image:type\" content=\"image\/jpeg\" \/>\n<meta name=\"author\" content=\"carmen\" \/>\n<meta name=\"twitter:card\" content=\"summary_large_image\" \/>\n<meta name=\"twitter:label1\" content=\"\u00c9crit par\" \/>\n\t<meta name=\"twitter:data1\" content=\"carmen\" \/>\n\t<meta name=\"twitter:label2\" content=\"Dur\u00e9e de lecture estim\u00e9e\" \/>\n\t<meta name=\"twitter:data2\" content=\"3 minutes\" \/>\n<script type=\"application\/ld+json\" class=\"yoast-schema-graph\">{\"@context\":\"https:\/\/schema.org\",\"@graph\":[{\"@type\":\"Article\",\"@id\":\"https:\/\/www.ibericospefran.com\/indicadores-calidad-embutido-iberico\/#article\",\"isPartOf\":{\"@id\":\"https:\/\/www.ibericospefran.com\/indicadores-calidad-embutido-iberico\/\"},\"author\":{\"name\":\"carmen\",\"@id\":\"https:\/\/www.ibericospefran.com\/#\/schema\/person\/4be2f524f4cce93fd9fce3657c01aa9c\"},\"headline\":\"\u00bfQu\u00e9 indicadores t\u00e9cnicos determinan la calidad de un embutido?\",\"datePublished\":\"2026-03-23T09:36:38+00:00\",\"dateModified\":\"2026-03-23T09:36:40+00:00\",\"mainEntityOfPage\":{\"@id\":\"https:\/\/www.ibericospefran.com\/indicadores-calidad-embutido-iberico\/\"},\"wordCount\":565,\"publisher\":{\"@id\":\"https:\/\/www.ibericospefran.com\/#organization\"},\"keywords\":[\"calidad alimentaria\",\"charcuter\u00eda\",\"embutidos ib\u00e9ricos\",\"embutidos pefr\u00e1n\",\"ib\u00e9ricos de salamanca\",\"Ib\u00e9ricos pefr\u00e1n\",\"productos Pefr\u00e1n\",\"retail alimentario\"],\"articleSection\":[\"Productos\",\"Sab\u00edas qu\u00e9\"],\"inLanguage\":\"fr-FR\"},{\"@type\":\"WebPage\",\"@id\":\"https:\/\/www.ibericospefran.com\/indicadores-calidad-embutido-iberico\/\",\"url\":\"https:\/\/www.ibericospefran.com\/indicadores-calidad-embutido-iberico\/\",\"name\":\"\u00bfQu\u00e9 indicadores t\u00e9cnicos determinan la calidad de un embutido? - Pefran\",\"isPartOf\":{\"@id\":\"https:\/\/www.ibericospefran.com\/#website\"},\"datePublished\":\"2026-03-23T09:36:38+00:00\",\"dateModified\":\"2026-03-23T09:36:40+00:00\",\"description\":\"Descubre qu\u00e9 indicadores t\u00e9cnicos determinan la calidad real de un embutido y c\u00f3mo influyen en su rendimiento, estabilidad y percepci\u00f3n.\",\"breadcrumb\":{\"@id\":\"https:\/\/www.ibericospefran.com\/indicadores-calidad-embutido-iberico\/#breadcrumb\"},\"inLanguage\":\"fr-FR\",\"potentialAction\":[{\"@type\":\"ReadAction\",\"target\":[\"https:\/\/www.ibericospefran.com\/indicadores-calidad-embutido-iberico\/\"]}]},{\"@type\":\"BreadcrumbList\",\"@id\":\"https:\/\/www.ibericospefran.com\/indicadores-calidad-embutido-iberico\/#breadcrumb\",\"itemListElement\":[{\"@type\":\"ListItem\",\"position\":1,\"name\":\"Portada\",\"item\":\"https:\/\/www.ibericospefran.com\/\"},{\"@type\":\"ListItem\",\"position\":2,\"name\":\"\u00bfQu\u00e9 indicadores t\u00e9cnicos determinan la calidad de un embutido?\"}]},{\"@type\":\"WebSite\",\"@id\":\"https:\/\/www.ibericospefran.com\/#website\",\"url\":\"https:\/\/www.ibericospefran.com\/\",\"name\":\"Ib\u00e9ricos Pefr\u00e1n\",\"description\":\"Embutidos ib\u00e9ricos\",\"publisher\":{\"@id\":\"https:\/\/www.ibericospefran.com\/#organization\"},\"potentialAction\":[{\"@type\":\"SearchAction\",\"target\":{\"@type\":\"EntryPoint\",\"urlTemplate\":\"https:\/\/www.ibericospefran.com\/?s={search_term_string}\"},\"query-input\":\"required name=search_term_string\"}],\"inLanguage\":\"fr-FR\"},{\"@type\":\"Organization\",\"@id\":\"https:\/\/www.ibericospefran.com\/#organization\",\"name\":\"Ib\u00e9ricos Pefr\u00e1n\",\"url\":\"https:\/\/www.ibericospefran.com\/\",\"logo\":{\"@type\":\"ImageObject\",\"inLanguage\":\"fr-FR\",\"@id\":\"https:\/\/www.ibericospefran.com\/#\/schema\/logo\/image\/\",\"url\":\"https:\/\/www.ibericospefran.com\/wp-content\/uploads\/2022\/11\/Logo_PEFRAN_naturalmente.svg\",\"contentUrl\":\"https:\/\/www.ibericospefran.com\/wp-content\/uploads\/2022\/11\/Logo_PEFRAN_naturalmente.svg\",\"width\":100,\"height\":100,\"caption\":\"Ib\u00e9ricos Pefr\u00e1n\"},\"image\":{\"@id\":\"https:\/\/www.ibericospefran.com\/#\/schema\/logo\/image\/\"},\"sameAs\":[\"https:\/\/www.facebook.com\/ibericospefran\",\"https:\/\/www.linkedin.com\/company\/ibericos-pefran\",\"https:\/\/www.instagram.com\/ibericospefran\/\"]},{\"@type\":\"Person\",\"@id\":\"https:\/\/www.ibericospefran.com\/#\/schema\/person\/4be2f524f4cce93fd9fce3657c01aa9c\",\"name\":\"carmen\"}]}<\/script>\n<!-- \/ Yoast SEO plugin. -->","yoast_head_json":{"title":"\u00bfQu\u00e9 indicadores t\u00e9cnicos determinan la calidad de un embutido? - Pefran","description":"Descubre qu\u00e9 indicadores t\u00e9cnicos determinan la calidad real de un embutido y c\u00f3mo influyen en su rendimiento, estabilidad y percepci\u00f3n.","robots":{"index":"index","follow":"follow","max-snippet":"max-snippet:-1","max-image-preview":"max-image-preview:large","max-video-preview":"max-video-preview:-1"},"canonical":"https:\/\/www.ibericospefran.com\/fr\/indicadores-calidad-embutido-iberico\/","og_locale":"fr_FR","og_type":"article","og_title":"\u00bfQu\u00e9 indicadores t\u00e9cnicos determinan la calidad de un embutido? - Pefran","og_description":"Descubre qu\u00e9 indicadores t\u00e9cnicos determinan la calidad real de un embutido y c\u00f3mo influyen en su rendimiento, estabilidad y percepci\u00f3n.","og_url":"https:\/\/www.ibericospefran.com\/fr\/indicadores-calidad-embutido-iberico\/","og_site_name":"Pefran","article_publisher":"https:\/\/www.facebook.com\/ibericospefran","article_published_time":"2026-03-23T09:36:38+00:00","article_modified_time":"2026-03-23T09:36:40+00:00","og_image":[{"width":1024,"height":768,"url":"https:\/\/www.ibericospefran.com\/wp-content\/uploads\/2026\/03\/Pefran_Blog_Marzo_Indicadores_Tecnicos.jpg","type":"image\/jpeg"}],"author":"carmen","twitter_card":"summary_large_image","twitter_misc":{"\u00c9crit par":"carmen","Dur\u00e9e de lecture estim\u00e9e":"3 minutes"},"schema":{"@context":"https:\/\/schema.org","@graph":[{"@type":"Article","@id":"https:\/\/www.ibericospefran.com\/indicadores-calidad-embutido-iberico\/#article","isPartOf":{"@id":"https:\/\/www.ibericospefran.com\/indicadores-calidad-embutido-iberico\/"},"author":{"name":"carmen","@id":"https:\/\/www.ibericospefran.com\/#\/schema\/person\/4be2f524f4cce93fd9fce3657c01aa9c"},"headline":"\u00bfQu\u00e9 indicadores t\u00e9cnicos determinan la calidad de un embutido?","datePublished":"2026-03-23T09:36:38+00:00","dateModified":"2026-03-23T09:36:40+00:00","mainEntityOfPage":{"@id":"https:\/\/www.ibericospefran.com\/indicadores-calidad-embutido-iberico\/"},"wordCount":565,"publisher":{"@id":"https:\/\/www.ibericospefran.com\/#organization"},"keywords":["calidad alimentaria","charcuter\u00eda","embutidos ib\u00e9ricos","embutidos pefr\u00e1n","ib\u00e9ricos de salamanca","Ib\u00e9ricos pefr\u00e1n","productos Pefr\u00e1n","retail alimentario"],"articleSection":["Productos","Sab\u00edas qu\u00e9"],"inLanguage":"fr-FR"},{"@type":"WebPage","@id":"https:\/\/www.ibericospefran.com\/indicadores-calidad-embutido-iberico\/","url":"https:\/\/www.ibericospefran.com\/indicadores-calidad-embutido-iberico\/","name":"\u00bfQu\u00e9 indicadores t\u00e9cnicos determinan la calidad de un embutido? - Pefran","isPartOf":{"@id":"https:\/\/www.ibericospefran.com\/#website"},"datePublished":"2026-03-23T09:36:38+00:00","dateModified":"2026-03-23T09:36:40+00:00","description":"Descubre qu\u00e9 indicadores t\u00e9cnicos determinan la calidad real de un embutido y c\u00f3mo influyen en su rendimiento, estabilidad y percepci\u00f3n.","breadcrumb":{"@id":"https:\/\/www.ibericospefran.com\/indicadores-calidad-embutido-iberico\/#breadcrumb"},"inLanguage":"fr-FR","potentialAction":[{"@type":"ReadAction","target":["https:\/\/www.ibericospefran.com\/indicadores-calidad-embutido-iberico\/"]}]},{"@type":"BreadcrumbList","@id":"https:\/\/www.ibericospefran.com\/indicadores-calidad-embutido-iberico\/#breadcrumb","itemListElement":[{"@type":"ListItem","position":1,"name":"Portada","item":"https:\/\/www.ibericospefran.com\/"},{"@type":"ListItem","position":2,"name":"\u00bfQu\u00e9 indicadores t\u00e9cnicos determinan la calidad de un embutido?"}]},{"@type":"WebSite","@id":"https:\/\/www.ibericospefran.com\/#website","url":"https:\/\/www.ibericospefran.com\/","name":"Ib\u00e9ricos Pefr\u00e1n","description":"Embutidos ib\u00e9ricos","publisher":{"@id":"https:\/\/www.ibericospefran.com\/#organization"},"potentialAction":[{"@type":"SearchAction","target":{"@type":"EntryPoint","urlTemplate":"https:\/\/www.ibericospefran.com\/?s={search_term_string}"},"query-input":"required name=search_term_string"}],"inLanguage":"fr-FR"},{"@type":"Organization","@id":"https:\/\/www.ibericospefran.com\/#organization","name":"Ib\u00e9ricos Pefr\u00e1n","url":"https:\/\/www.ibericospefran.com\/","logo":{"@type":"ImageObject","inLanguage":"fr-FR","@id":"https:\/\/www.ibericospefran.com\/#\/schema\/logo\/image\/","url":"https:\/\/www.ibericospefran.com\/wp-content\/uploads\/2022\/11\/Logo_PEFRAN_naturalmente.svg","contentUrl":"https:\/\/www.ibericospefran.com\/wp-content\/uploads\/2022\/11\/Logo_PEFRAN_naturalmente.svg","width":100,"height":100,"caption":"Ib\u00e9ricos Pefr\u00e1n"},"image":{"@id":"https:\/\/www.ibericospefran.com\/#\/schema\/logo\/image\/"},"sameAs":["https:\/\/www.facebook.com\/ibericospefran","https:\/\/www.linkedin.com\/company\/ibericos-pefran","https:\/\/www.instagram.com\/ibericospefran\/"]},{"@type":"Person","@id":"https:\/\/www.ibericospefran.com\/#\/schema\/person\/4be2f524f4cce93fd9fce3657c01aa9c","name":"carmen"}]}},"_links":{"self":[{"href":"https:\/\/www.ibericospefran.com\/fr\/wp-json\/wp\/v2\/posts\/3042","targetHints":{"allow":["GET"]}}],"collection":[{"href":"https:\/\/www.ibericospefran.com\/fr\/wp-json\/wp\/v2\/posts"}],"about":[{"href":"https:\/\/www.ibericospefran.com\/fr\/wp-json\/wp\/v2\/types\/post"}],"author":[{"embeddable":true,"href":"https:\/\/www.ibericospefran.com\/fr\/wp-json\/wp\/v2\/users\/2"}],"replies":[{"embeddable":true,"href":"https:\/\/www.ibericospefran.com\/fr\/wp-json\/wp\/v2\/comments?post=3042"}],"version-history":[{"count":1,"href":"https:\/\/www.ibericospefran.com\/fr\/wp-json\/wp\/v2\/posts\/3042\/revisions"}],"predecessor-version":[{"id":3044,"href":"https:\/\/www.ibericospefran.com\/fr\/wp-json\/wp\/v2\/posts\/3042\/revisions\/3044"}],"wp:featuredmedia":[{"embeddable":true,"href":"https:\/\/www.ibericospefran.com\/fr\/wp-json\/wp\/v2\/media\/3043"}],"wp:attachment":[{"href":"https:\/\/www.ibericospefran.com\/fr\/wp-json\/wp\/v2\/media?parent=3042"}],"wp:term":[{"taxonomy":"category","embeddable":true,"href":"https:\/\/www.ibericospefran.com\/fr\/wp-json\/wp\/v2\/categories?post=3042"},{"taxonomy":"post_tag","embeddable":true,"href":"https:\/\/www.ibericospefran.com\/fr\/wp-json\/wp\/v2\/tags?post=3042"}],"curies":[{"name":"wp","href":"https:\/\/api.w.org\/{rel}","templated":true}]}}