{"id":3019,"date":"2026-01-05T18:16:35","date_gmt":"2026-01-05T17:16:35","guid":{"rendered":"https:\/\/www.ibericospefran.com\/?p=3019"},"modified":"2026-01-05T18:16:38","modified_gmt":"2026-01-05T17:16:38","slug":"sector-embutido-iberico-2026","status":"publish","type":"post","link":"https:\/\/www.ibericospefran.com\/fr\/sector-embutido-iberico-2026\/","title":{"rendered":"Tendencias del sector del embutido ib\u00e9rico para 2026"},"content":{"rendered":"<p>El sector del embutido ib\u00e9rico contin\u00faa consolid\u00e1ndose como un segmento estrat\u00e9gico dentro de la gastronom\u00eda espa\u00f1ola y del mercado gourmet internacional.<\/p>\n\n\n\n<p>De cara a <strong>2026<\/strong>, el sector del embutido ib\u00e9rico avanza hacia un modelo m\u00e1s profesionalizado, diversificado y cercano al consumidor, en el que conviven la tradici\u00f3n, el control t\u00e9cnico y la adaptaci\u00f3n a nuevos canales de venta.<\/p>\n\n\n\n<p><strong>Salchich\u00f3n, chorizo y lomo ib\u00e9rico<\/strong> mantienen su esencia, pero el contexto en el que se comercializan y consumen evoluciona para responder a nuevas expectativas.<\/p>\n\n\n\n<h3 class=\"wp-block-heading\"><strong>1. Profesionalizaci\u00f3n y control t\u00e9cnico de la producci\u00f3n<\/strong><\/h3>\n\n\n\n<p>El saber hacer artesanal sigue siendo un pilar fundamental del embutido ib\u00e9rico, pero cada vez m\u00e1s empresas apuestan por procesos t\u00e9cnicos estandarizados que permiten garantizar estabilidad, seguridad y uniformidad en cada lote.<\/p>\n\n\n\n<p>Entre los avances m\u00e1s relevantes destacan:<\/p>\n\n\n\n<ul class=\"wp-block-list\">\n<li>Control preciso de la curaci\u00f3n mediante medici\u00f3n de temperatura, humedad y ventilaci\u00f3n.<\/li>\n\n\n\n<li>Optimizaci\u00f3n de tiempos y condiciones de maduraci\u00f3n.<\/li>\n\n\n\n<li>Procedimientos internos que aseguran la consistencia del producto sin perder su car\u00e1cter tradicional.<\/li>\n<\/ul>\n\n\n\n<p>Esta combinaci\u00f3n de oficio y control t\u00e9cnico resulta clave para ofrecer un producto fiable tanto en el mercado nacional como en el internacional.<\/p>\n\n\n\n<h3 class=\"wp-block-heading\"><strong>2. Innovaci\u00f3n en formatos y presentaciones<\/strong><\/h3>\n\n\n\n<p>La evoluci\u00f3n del consumo impulsa la diversificaci\u00f3n de formatos, adaptando el embutido ib\u00e9rico a distintos momentos y h\u00e1bitos de compra. De cara a 2026, contin\u00faan creciendo:<\/p>\n\n\n\n<ul class=\"wp-block-list\">\n<li>Loncheados listos para consumir.<\/li>\n\n\n\n<li>Porciones individuales y formatos pr\u00e1cticos.<\/li>\n\n\n\n<li>Packs combinados pensados para aperitivos, tapas o consumo ocasional.<\/li>\n<\/ul>\n\n\n\n<p>Estos formatos no transforman el producto, pero s\u00ed ampl\u00edan su accesibilidad y su presencia en nuevos espacios de consumo.<\/p>\n\n\n\n<h3 class=\"wp-block-heading\"><strong>3. La vuelta al mostrador tradicional en supermercados<\/strong><\/h3>\n\n\n\n<p>Junto al crecimiento del producto envasado, se observa una <strong>revalorizaci\u00f3n del mostrador tradicional dentro del canal supermercado<\/strong>. Cada vez m\u00e1s consumidores buscan una experiencia de compra m\u00e1s cercana, donde puedan recibir asesoramiento, elegir cantidades al momento y confiar en la recomendaci\u00f3n del profesional.<\/p>\n\n\n\n<p>Este regreso al mostrador supone una oportunidad clara para el sector:<\/p>\n\n\n\n<ul class=\"wp-block-list\">\n<li>Refuerza la percepci\u00f3n de calidad y frescura.<\/li>\n\n\n\n<li>Permite poner en valor el corte, la presentaci\u00f3n y el conocimiento del producto.<\/li>\n\n\n\n<li>Acerca el embutido ib\u00e9rico a un consumidor que demanda informaci\u00f3n y trato personalizado.<\/li>\n<\/ul>\n\n\n\n<p>Para productores y marcas, este canal abre nuevas posibilidades de diferenciaci\u00f3n dentro de un entorno competitivo.<\/p>\n\n\n\n<h3 class=\"wp-block-heading\"><strong>4. Expansi\u00f3n en mercados internacionales<\/strong><\/h3>\n\n\n\n<p>Aunque Espa\u00f1a sigue siendo el n\u00facleo del consumo, la demanda de embutido ib\u00e9rico en el exterior contin\u00faa creciendo. De cara a 2026, se prev\u00e9:<\/p>\n\n\n\n<ul class=\"wp-block-list\">\n<li>Mayor presencia en mercados europeos consolidados y en destinos gourmet emergentes.<\/li>\n\n\n\n<li>Inter\u00e9s por productos aut\u00e9nticos, con identidad y calidad constante.<\/li>\n\n\n\n<li>Necesidad de adaptaci\u00f3n log\u00edstica y cumplimiento normativo sin comprometer el perfil del producto.<\/li>\n<\/ul>\n\n\n\n<p>La internacionalizaci\u00f3n exige planificaci\u00f3n, flexibilidad y una base s\u00f3lida en procesos y control.<\/p>\n\n\n\n<p>De cara a 2026, el sector del embutido ib\u00e9rico se consolida como una industria profesionalizada, adaptable y con capacidad de responder a nuevas formas de consumo y distribuci\u00f3n.<\/p>\n\n\n\n<p>La convivencia entre formatos innovadores y la recuperaci\u00f3n del mostrador tradicional demuestra que la evoluci\u00f3n del sector no pasa por abandonar la tradici\u00f3n, sino por <strong>reinterpretarla y acercarla al consumidor actual<\/strong>.<\/p>\n\n\n\n<p>Empresas como <strong><a href=\"https:\/\/www.ibericospefran.com\/fr\/\">Ib\u00e9ricos Pefr\u00e1n<\/a><\/strong> combinan oficio, control y visi\u00f3n de mercado para seguir ofreciendo embutidos ib\u00e9ricos alineados con las expectativas de calidad, confianza y autenticidad que definen al ib\u00e9rico espa\u00f1ol.<\/p>\n\n\n\n<p><\/p>","protected":false},"excerpt":{"rendered":"<p>El sector del embutido ib\u00e9rico contin\u00faa consolid\u00e1ndose como un segmento estrat\u00e9gico dentro de la gastronom\u00eda espa\u00f1ola y del mercado gourmet internacional. De cara a 2026, &hellip;<\/p>\n<p class=\"read-more\"> <a class=\"\" href=\"https:\/\/www.ibericospefran.com\/fr\/sector-embutido-iberico-2026\/\"> <span class=\"screen-reader-text\">Tendencias del sector del embutido ib\u00e9rico para 2026<\/span> Lire la suite\u00a0\u00bb<\/a><\/p>","protected":false},"author":2,"featured_media":3020,"comment_status":"closed","ping_status":"closed","sticky":false,"template":"","format":"standard","meta":{"_acf_changed":false,"site-sidebar-layout":"default","site-content-layout":"default","ast-global-header-display":"","ast-banner-title-visibility":"","ast-main-header-display":"","ast-hfb-above-header-display":"","ast-hfb-below-header-display":"","ast-hfb-mobile-header-display":"","site-post-title":"","ast-breadcrumbs-content":"","ast-featured-img":"","footer-sml-layout":"","theme-transparent-header-meta":"","adv-header-id-meta":"","stick-header-meta":"","header-above-stick-meta":"","header-main-stick-meta":"","header-below-stick-meta":"","footnotes":""},"categories":[1],"tags":[],"class_list":["post-3019","post","type-post","status-publish","format-standard","has-post-thumbnail","hentry","category-uncategorized"],"acf":[],"yoast_head":"<!-- This site is optimized with the Yoast SEO plugin v21.8 - https:\/\/yoast.com\/wordpress\/plugins\/seo\/ -->\n<title>Tendencias del sector del embutido ib\u00e9rico para 2026 - Pefran<\/title>\n<meta name=\"description\" content=\"Descubre las tendencias del sector del embutido ib\u00e9rico para 2026: profesionalizaci\u00f3n, nuevos formatos y expansi\u00f3n internacional.\" \/>\n<meta name=\"robots\" content=\"index, follow, max-snippet:-1, max-image-preview:large, max-video-preview:-1\" \/>\n<link rel=\"canonical\" href=\"https:\/\/www.ibericospefran.com\/fr\/sector-embutido-iberico-2026\/\" \/>\n<meta property=\"og:locale\" content=\"fr_FR\" \/>\n<meta property=\"og:type\" content=\"article\" \/>\n<meta property=\"og:title\" content=\"Tendencias del sector del embutido ib\u00e9rico para 2026 - Pefran\" \/>\n<meta property=\"og:description\" content=\"Descubre las tendencias del sector del embutido ib\u00e9rico para 2026: profesionalizaci\u00f3n, nuevos formatos y expansi\u00f3n internacional.\" \/>\n<meta property=\"og:url\" content=\"https:\/\/www.ibericospefran.com\/fr\/sector-embutido-iberico-2026\/\" \/>\n<meta property=\"og:site_name\" content=\"Pefran\" \/>\n<meta property=\"article:publisher\" content=\"https:\/\/www.facebook.com\/ibericospefran\" \/>\n<meta property=\"article:published_time\" content=\"2026-01-05T17:16:35+00:00\" \/>\n<meta property=\"article:modified_time\" content=\"2026-01-05T17:16:38+00:00\" \/>\n<meta property=\"og:image\" content=\"https:\/\/www.ibericospefran.com\/wp-content\/uploads\/2026\/01\/Pefran_07_01_Blog.jpg\" \/>\n\t<meta property=\"og:image:width\" content=\"1024\" \/>\n\t<meta property=\"og:image:height\" content=\"768\" \/>\n\t<meta property=\"og:image:type\" content=\"image\/jpeg\" \/>\n<meta name=\"author\" content=\"carmen\" \/>\n<meta name=\"twitter:card\" content=\"summary_large_image\" \/>\n<meta name=\"twitter:label1\" content=\"\u00c9crit par\" \/>\n\t<meta name=\"twitter:data1\" content=\"carmen\" \/>\n\t<meta name=\"twitter:label2\" content=\"Dur\u00e9e de lecture estim\u00e9e\" \/>\n\t<meta name=\"twitter:data2\" content=\"3 minutes\" \/>\n<script type=\"application\/ld+json\" class=\"yoast-schema-graph\">{\"@context\":\"https:\/\/schema.org\",\"@graph\":[{\"@type\":\"Article\",\"@id\":\"https:\/\/www.ibericospefran.com\/sector-embutido-iberico-2026\/#article\",\"isPartOf\":{\"@id\":\"https:\/\/www.ibericospefran.com\/sector-embutido-iberico-2026\/\"},\"author\":{\"name\":\"carmen\",\"@id\":\"https:\/\/www.ibericospefran.com\/#\/schema\/person\/4be2f524f4cce93fd9fce3657c01aa9c\"},\"headline\":\"Tendencias del sector del embutido ib\u00e9rico para 2026\",\"datePublished\":\"2026-01-05T17:16:35+00:00\",\"dateModified\":\"2026-01-05T17:16:38+00:00\",\"mainEntityOfPage\":{\"@id\":\"https:\/\/www.ibericospefran.com\/sector-embutido-iberico-2026\/\"},\"wordCount\":595,\"publisher\":{\"@id\":\"https:\/\/www.ibericospefran.com\/#organization\"},\"articleSection\":[\"Uncategorized\"],\"inLanguage\":\"fr-FR\"},{\"@type\":\"WebPage\",\"@id\":\"https:\/\/www.ibericospefran.com\/sector-embutido-iberico-2026\/\",\"url\":\"https:\/\/www.ibericospefran.com\/sector-embutido-iberico-2026\/\",\"name\":\"Tendencias del sector del embutido ib\u00e9rico para 2026 - Pefran\",\"isPartOf\":{\"@id\":\"https:\/\/www.ibericospefran.com\/#website\"},\"datePublished\":\"2026-01-05T17:16:35+00:00\",\"dateModified\":\"2026-01-05T17:16:38+00:00\",\"description\":\"Descubre las tendencias del sector del embutido ib\u00e9rico para 2026: profesionalizaci\u00f3n, nuevos formatos y expansi\u00f3n internacional.\",\"breadcrumb\":{\"@id\":\"https:\/\/www.ibericospefran.com\/sector-embutido-iberico-2026\/#breadcrumb\"},\"inLanguage\":\"fr-FR\",\"potentialAction\":[{\"@type\":\"ReadAction\",\"target\":[\"https:\/\/www.ibericospefran.com\/sector-embutido-iberico-2026\/\"]}]},{\"@type\":\"BreadcrumbList\",\"@id\":\"https:\/\/www.ibericospefran.com\/sector-embutido-iberico-2026\/#breadcrumb\",\"itemListElement\":[{\"@type\":\"ListItem\",\"position\":1,\"name\":\"Portada\",\"item\":\"https:\/\/www.ibericospefran.com\/\"},{\"@type\":\"ListItem\",\"position\":2,\"name\":\"Tendencias del sector del embutido ib\u00e9rico para 2026\"}]},{\"@type\":\"WebSite\",\"@id\":\"https:\/\/www.ibericospefran.com\/#website\",\"url\":\"https:\/\/www.ibericospefran.com\/\",\"name\":\"Ib\u00e9ricos Pefr\u00e1n\",\"description\":\"Embutidos ib\u00e9ricos\",\"publisher\":{\"@id\":\"https:\/\/www.ibericospefran.com\/#organization\"},\"potentialAction\":[{\"@type\":\"SearchAction\",\"target\":{\"@type\":\"EntryPoint\",\"urlTemplate\":\"https:\/\/www.ibericospefran.com\/?s={search_term_string}\"},\"query-input\":\"required name=search_term_string\"}],\"inLanguage\":\"fr-FR\"},{\"@type\":\"Organization\",\"@id\":\"https:\/\/www.ibericospefran.com\/#organization\",\"name\":\"Ib\u00e9ricos Pefr\u00e1n\",\"url\":\"https:\/\/www.ibericospefran.com\/\",\"logo\":{\"@type\":\"ImageObject\",\"inLanguage\":\"fr-FR\",\"@id\":\"https:\/\/www.ibericospefran.com\/#\/schema\/logo\/image\/\",\"url\":\"https:\/\/www.ibericospefran.com\/wp-content\/uploads\/2022\/11\/Logo_PEFRAN_naturalmente.svg\",\"contentUrl\":\"https:\/\/www.ibericospefran.com\/wp-content\/uploads\/2022\/11\/Logo_PEFRAN_naturalmente.svg\",\"width\":100,\"height\":100,\"caption\":\"Ib\u00e9ricos Pefr\u00e1n\"},\"image\":{\"@id\":\"https:\/\/www.ibericospefran.com\/#\/schema\/logo\/image\/\"},\"sameAs\":[\"https:\/\/www.facebook.com\/ibericospefran\",\"https:\/\/www.linkedin.com\/company\/ibericos-pefran\",\"https:\/\/www.instagram.com\/ibericospefran\/\"]},{\"@type\":\"Person\",\"@id\":\"https:\/\/www.ibericospefran.com\/#\/schema\/person\/4be2f524f4cce93fd9fce3657c01aa9c\",\"name\":\"carmen\"}]}<\/script>\n<!-- \/ Yoast SEO plugin. -->","yoast_head_json":{"title":"Tendencias del sector del embutido ib\u00e9rico para 2026 - Pefran","description":"Descubre las tendencias del sector del embutido ib\u00e9rico para 2026: profesionalizaci\u00f3n, nuevos formatos y expansi\u00f3n internacional.","robots":{"index":"index","follow":"follow","max-snippet":"max-snippet:-1","max-image-preview":"max-image-preview:large","max-video-preview":"max-video-preview:-1"},"canonical":"https:\/\/www.ibericospefran.com\/fr\/sector-embutido-iberico-2026\/","og_locale":"fr_FR","og_type":"article","og_title":"Tendencias del sector del embutido ib\u00e9rico para 2026 - Pefran","og_description":"Descubre las tendencias del sector del embutido ib\u00e9rico para 2026: profesionalizaci\u00f3n, nuevos formatos y expansi\u00f3n internacional.","og_url":"https:\/\/www.ibericospefran.com\/fr\/sector-embutido-iberico-2026\/","og_site_name":"Pefran","article_publisher":"https:\/\/www.facebook.com\/ibericospefran","article_published_time":"2026-01-05T17:16:35+00:00","article_modified_time":"2026-01-05T17:16:38+00:00","og_image":[{"width":1024,"height":768,"url":"https:\/\/www.ibericospefran.com\/wp-content\/uploads\/2026\/01\/Pefran_07_01_Blog.jpg","type":"image\/jpeg"}],"author":"carmen","twitter_card":"summary_large_image","twitter_misc":{"\u00c9crit par":"carmen","Dur\u00e9e de lecture estim\u00e9e":"3 minutes"},"schema":{"@context":"https:\/\/schema.org","@graph":[{"@type":"Article","@id":"https:\/\/www.ibericospefran.com\/sector-embutido-iberico-2026\/#article","isPartOf":{"@id":"https:\/\/www.ibericospefran.com\/sector-embutido-iberico-2026\/"},"author":{"name":"carmen","@id":"https:\/\/www.ibericospefran.com\/#\/schema\/person\/4be2f524f4cce93fd9fce3657c01aa9c"},"headline":"Tendencias del sector del embutido ib\u00e9rico para 2026","datePublished":"2026-01-05T17:16:35+00:00","dateModified":"2026-01-05T17:16:38+00:00","mainEntityOfPage":{"@id":"https:\/\/www.ibericospefran.com\/sector-embutido-iberico-2026\/"},"wordCount":595,"publisher":{"@id":"https:\/\/www.ibericospefran.com\/#organization"},"articleSection":["Uncategorized"],"inLanguage":"fr-FR"},{"@type":"WebPage","@id":"https:\/\/www.ibericospefran.com\/sector-embutido-iberico-2026\/","url":"https:\/\/www.ibericospefran.com\/sector-embutido-iberico-2026\/","name":"Tendencias del sector del embutido ib\u00e9rico para 2026 - Pefran","isPartOf":{"@id":"https:\/\/www.ibericospefran.com\/#website"},"datePublished":"2026-01-05T17:16:35+00:00","dateModified":"2026-01-05T17:16:38+00:00","description":"Descubre las tendencias del sector del embutido ib\u00e9rico para 2026: profesionalizaci\u00f3n, nuevos formatos y expansi\u00f3n internacional.","breadcrumb":{"@id":"https:\/\/www.ibericospefran.com\/sector-embutido-iberico-2026\/#breadcrumb"},"inLanguage":"fr-FR","potentialAction":[{"@type":"ReadAction","target":["https:\/\/www.ibericospefran.com\/sector-embutido-iberico-2026\/"]}]},{"@type":"BreadcrumbList","@id":"https:\/\/www.ibericospefran.com\/sector-embutido-iberico-2026\/#breadcrumb","itemListElement":[{"@type":"ListItem","position":1,"name":"Portada","item":"https:\/\/www.ibericospefran.com\/"},{"@type":"ListItem","position":2,"name":"Tendencias del sector del embutido ib\u00e9rico para 2026"}]},{"@type":"WebSite","@id":"https:\/\/www.ibericospefran.com\/#website","url":"https:\/\/www.ibericospefran.com\/","name":"Ib\u00e9ricos Pefr\u00e1n","description":"Embutidos ib\u00e9ricos","publisher":{"@id":"https:\/\/www.ibericospefran.com\/#organization"},"potentialAction":[{"@type":"SearchAction","target":{"@type":"EntryPoint","urlTemplate":"https:\/\/www.ibericospefran.com\/?s={search_term_string}"},"query-input":"required name=search_term_string"}],"inLanguage":"fr-FR"},{"@type":"Organization","@id":"https:\/\/www.ibericospefran.com\/#organization","name":"Ib\u00e9ricos Pefr\u00e1n","url":"https:\/\/www.ibericospefran.com\/","logo":{"@type":"ImageObject","inLanguage":"fr-FR","@id":"https:\/\/www.ibericospefran.com\/#\/schema\/logo\/image\/","url":"https:\/\/www.ibericospefran.com\/wp-content\/uploads\/2022\/11\/Logo_PEFRAN_naturalmente.svg","contentUrl":"https:\/\/www.ibericospefran.com\/wp-content\/uploads\/2022\/11\/Logo_PEFRAN_naturalmente.svg","width":100,"height":100,"caption":"Ib\u00e9ricos Pefr\u00e1n"},"image":{"@id":"https:\/\/www.ibericospefran.com\/#\/schema\/logo\/image\/"},"sameAs":["https:\/\/www.facebook.com\/ibericospefran","https:\/\/www.linkedin.com\/company\/ibericos-pefran","https:\/\/www.instagram.com\/ibericospefran\/"]},{"@type":"Person","@id":"https:\/\/www.ibericospefran.com\/#\/schema\/person\/4be2f524f4cce93fd9fce3657c01aa9c","name":"carmen"}]}},"_links":{"self":[{"href":"https:\/\/www.ibericospefran.com\/fr\/wp-json\/wp\/v2\/posts\/3019","targetHints":{"allow":["GET"]}}],"collection":[{"href":"https:\/\/www.ibericospefran.com\/fr\/wp-json\/wp\/v2\/posts"}],"about":[{"href":"https:\/\/www.ibericospefran.com\/fr\/wp-json\/wp\/v2\/types\/post"}],"author":[{"embeddable":true,"href":"https:\/\/www.ibericospefran.com\/fr\/wp-json\/wp\/v2\/users\/2"}],"replies":[{"embeddable":true,"href":"https:\/\/www.ibericospefran.com\/fr\/wp-json\/wp\/v2\/comments?post=3019"}],"version-history":[{"count":1,"href":"https:\/\/www.ibericospefran.com\/fr\/wp-json\/wp\/v2\/posts\/3019\/revisions"}],"predecessor-version":[{"id":3021,"href":"https:\/\/www.ibericospefran.com\/fr\/wp-json\/wp\/v2\/posts\/3019\/revisions\/3021"}],"wp:featuredmedia":[{"embeddable":true,"href":"https:\/\/www.ibericospefran.com\/fr\/wp-json\/wp\/v2\/media\/3020"}],"wp:attachment":[{"href":"https:\/\/www.ibericospefran.com\/fr\/wp-json\/wp\/v2\/media?parent=3019"}],"wp:term":[{"taxonomy":"category","embeddable":true,"href":"https:\/\/www.ibericospefran.com\/fr\/wp-json\/wp\/v2\/categories?post=3019"},{"taxonomy":"post_tag","embeddable":true,"href":"https:\/\/www.ibericospefran.com\/fr\/wp-json\/wp\/v2\/tags?post=3019"}],"curies":[{"name":"wp","href":"https:\/\/api.w.org\/{rel}","templated":true}]}}