{"id":2971,"date":"2025-06-25T09:30:00","date_gmt":"2025-06-25T07:30:00","guid":{"rendered":"https:\/\/www.ibericospefran.com\/?p=2971"},"modified":"2025-06-02T13:36:20","modified_gmt":"2025-06-02T11:36:20","slug":"reconocimientos-y-certificaciones-de-ibericos-pefran","status":"publish","type":"post","link":"https:\/\/www.ibericospefran.com\/en\/reconocimientos-y-certificaciones-de-ibericos-pefran\/","title":{"rendered":"Reconocimientos y certificaciones: garant\u00eda de calidad para tus clientes"},"content":{"rendered":"<p>En el sector de la alimentaci\u00f3n, cada vez es m\u00e1s importante ofrecer productos que no solo tengan un gran sabor, sino tambi\u00e9n una historia detr\u00e1s, una trazabilidad clara y una calidad certificada.<\/p>\n\n\n\n<p>En Ib\u00e9ricos Pefr\u00e1n, nuestras certificaciones y premios son una garant\u00eda para quienes conf\u00edan en nosotros como proveedor: supermercados, distribuidores, tiendas gourmet o espacios especializados.<\/p>\n\n\n\n<p><strong>\u00bfPor qu\u00e9 las certificaciones marcan la diferencia?<\/strong><\/p>\n\n\n\n<p>En un mercado cada vez m\u00e1s exigente, contar con productos certificados ayuda a fortalecer la relaci\u00f3n con el consumidor final.<\/p>\n\n\n\n<p>Las certificaciones aportan seguridad, transparencia y reputaci\u00f3n a toda la cadena de valor. Aseguran que los productos han pasado controles rigurosos y que cumplen con unos est\u00e1ndares de calidad, trazabilidad y elaboraci\u00f3n muy exigentes. En otras palabras: que lo que compras es aut\u00e9ntico, seguro y de confianza.<\/p>\n\n\n\n<p><strong>Sello \u201cTierra de Sabor\u201d: la excelencia de Castilla y Le\u00f3n<\/strong><\/p>\n\n\n\n<p>Este distintivo avala la autenticidad y calidad de los productos agroalimentarios de la regi\u00f3n. En nuestro caso, garantiza que nuestros embutidos se elaboran en Salamanca, con materias primas seleccionadas y procesos tradicionales. Un sello reconocido por los consumidores que aporta valor a\u00f1adido en el lineal.<\/p>\n\n\n\n<p><strong>Ib\u00e9ricos de Salamanca: origen y tradici\u00f3n<\/strong><\/p>\n\n\n\n<p>La certificaci\u00f3n \u00abIb\u00e9ricos de Salamanca\u00bb refuerza nuestro compromiso con el territorio. Supone una garant\u00eda para quien distribuye nuestros productos, ya que avala tanto el origen como el m\u00e9todo de elaboraci\u00f3n artesanal. Una forma de competir con calidad y diferenciaci\u00f3n.<\/p>\n\n\n\n<p><strong>Great Taste Awards: el reconocimiento internacional<\/strong><\/p>\n\n\n\n<p>Nuestros productos tambi\u00e9n han sido reconocidos a nivel internacional con los <strong>Great Taste Awards<\/strong>, uno de los premios m\u00e1s prestigiosos del sector gastron\u00f3mico. Estos galardones se otorgan tras catas a ciegas realizadas por expertos, lo que los convierte en un sello independiente de calidad y sabor excepcional.<\/p>\n\n\n\n<p>En Ib\u00e9ricos Pefr\u00e1n entendemos que ofrecer un buen producto no es suficiente: hay que hacerlo con garant\u00edas. Por ello, cada certificaci\u00f3n y premio es una garant\u00eda de que detr\u00e1s de nuestros embutidos hay trabajo, compromiso y excelencia. &nbsp;<\/p>\n\n\n\n<p>Estas certificaciones y premios no solo hablan de nosotros, sino tambi\u00e9n de quienes conf\u00edan en <a href=\"https:\/\/www.ibericospefran.com\/en\/nuestra-despensa\/\">nuestros productos<\/a> y el consumidor pueda elegir con total confianza, sabiendo que est\u00e1s escogiendo un producto cuidado hasta el \u00faltimo detalle.<\/p>\n\n\n\n<p><\/p>","protected":false},"excerpt":{"rendered":"<p>En el sector de la alimentaci\u00f3n, cada vez es m\u00e1s importante ofrecer productos que no solo tengan un gran sabor, sino tambi\u00e9n una historia detr\u00e1s, &hellip;<\/p>\n<p class=\"read-more\"> <a class=\"\" href=\"https:\/\/www.ibericospefran.com\/en\/reconocimientos-y-certificaciones-de-ibericos-pefran\/\"> <span class=\"screen-reader-text\">Reconocimientos y certificaciones: garant\u00eda de calidad para tus clientes<\/span> Read More &raquo;<\/a><\/p>","protected":false},"author":2,"featured_media":2972,"comment_status":"closed","ping_status":"closed","sticky":false,"template":"","format":"standard","meta":{"_acf_changed":false,"site-sidebar-layout":"default","site-content-layout":"default","ast-global-header-display":"","ast-banner-title-visibility":"","ast-main-header-display":"","ast-hfb-above-header-display":"","ast-hfb-below-header-display":"","ast-hfb-mobile-header-display":"","site-post-title":"","ast-breadcrumbs-content":"","ast-featured-img":"","footer-sml-layout":"","theme-transparent-header-meta":"","adv-header-id-meta":"","stick-header-meta":"","header-above-stick-meta":"","header-main-stick-meta":"","header-below-stick-meta":"","footnotes":""},"categories":[102],"tags":[104,90,61,105,79,62,103,56,106],"class_list":["post-2971","post","type-post","status-publish","format-standard","has-post-thumbnail","hentry","category-certificaciones","tag-certificaciones","tag-embutidos-ibericos","tag-embutidos-pefran","tag-great-taste","tag-ibericos-de-salamanca","tag-ibericos-pefran","tag-premios","tag-productos-pefran","tag-tierra-de-sabor"],"acf":[],"yoast_head":"<!-- This site is optimized with the Yoast SEO plugin v21.8 - https:\/\/yoast.com\/wordpress\/plugins\/seo\/ -->\n<title>Reconocimientos y certificaciones: garant\u00eda de calidad para tus clientes - Pefran<\/title>\n<meta name=\"description\" content=\"En Ib\u00e9ricos Pefr\u00e1n, nuestras certificaciones y premios son una garant\u00eda para quienes conf\u00edan en nosotros como proveedor.\" \/>\n<meta name=\"robots\" content=\"index, follow, max-snippet:-1, max-image-preview:large, max-video-preview:-1\" \/>\n<link rel=\"canonical\" href=\"https:\/\/www.ibericospefran.com\/en\/reconocimientos-y-certificaciones-de-ibericos-pefran\/\" \/>\n<meta property=\"og:locale\" content=\"en_GB\" \/>\n<meta property=\"og:type\" content=\"article\" \/>\n<meta property=\"og:title\" content=\"Reconocimientos y certificaciones: garant\u00eda de calidad para tus clientes - Pefran\" \/>\n<meta property=\"og:description\" content=\"En Ib\u00e9ricos Pefr\u00e1n, nuestras certificaciones y premios son una garant\u00eda para quienes conf\u00edan en nosotros como proveedor.\" \/>\n<meta property=\"og:url\" content=\"https:\/\/www.ibericospefran.com\/en\/reconocimientos-y-certificaciones-de-ibericos-pefran\/\" \/>\n<meta property=\"og:site_name\" content=\"Pefran\" \/>\n<meta property=\"article:publisher\" content=\"https:\/\/www.facebook.com\/ibericospefran\" \/>\n<meta property=\"article:published_time\" content=\"2025-06-25T07:30:00+00:00\" \/>\n<meta property=\"article:modified_time\" content=\"2025-06-02T11:36:20+00:00\" \/>\n<meta property=\"og:image\" content=\"https:\/\/www.ibericospefran.com\/wp-content\/uploads\/2025\/06\/BlogPortada_2.jpg\" \/>\n\t<meta property=\"og:image:width\" content=\"1024\" \/>\n\t<meta property=\"og:image:height\" content=\"768\" \/>\n\t<meta property=\"og:image:type\" content=\"image\/jpeg\" \/>\n<meta name=\"author\" content=\"carmen\" \/>\n<meta name=\"twitter:card\" content=\"summary_large_image\" \/>\n<meta name=\"twitter:label1\" content=\"Written by\" \/>\n\t<meta name=\"twitter:data1\" content=\"carmen\" \/>\n\t<meta name=\"twitter:label2\" content=\"Estimated reading time\" \/>\n\t<meta name=\"twitter:data2\" content=\"2 minutes\" \/>\n<script type=\"application\/ld+json\" class=\"yoast-schema-graph\">{\"@context\":\"https:\/\/schema.org\",\"@graph\":[{\"@type\":\"Article\",\"@id\":\"https:\/\/www.ibericospefran.com\/reconocimientos-y-certificaciones-de-ibericos-pefran\/#article\",\"isPartOf\":{\"@id\":\"https:\/\/www.ibericospefran.com\/reconocimientos-y-certificaciones-de-ibericos-pefran\/\"},\"author\":{\"name\":\"carmen\",\"@id\":\"https:\/\/www.ibericospefran.com\/#\/schema\/person\/4be2f524f4cce93fd9fce3657c01aa9c\"},\"headline\":\"Reconocimientos y certificaciones: garant\u00eda de calidad para tus clientes\",\"datePublished\":\"2025-06-25T07:30:00+00:00\",\"dateModified\":\"2025-06-02T11:36:20+00:00\",\"mainEntityOfPage\":{\"@id\":\"https:\/\/www.ibericospefran.com\/reconocimientos-y-certificaciones-de-ibericos-pefran\/\"},\"wordCount\":404,\"publisher\":{\"@id\":\"https:\/\/www.ibericospefran.com\/#organization\"},\"keywords\":[\"certificaciones\",\"embutidos ib\u00e9ricos\",\"embutidos pefr\u00e1n\",\"great taste\",\"ib\u00e9ricos de salamanca\",\"Ib\u00e9ricos pefr\u00e1n\",\"premios\",\"productos Pefr\u00e1n\",\"tierra de sabor\"],\"articleSection\":[\"Certificaciones\"],\"inLanguage\":\"en-GB\"},{\"@type\":\"WebPage\",\"@id\":\"https:\/\/www.ibericospefran.com\/reconocimientos-y-certificaciones-de-ibericos-pefran\/\",\"url\":\"https:\/\/www.ibericospefran.com\/reconocimientos-y-certificaciones-de-ibericos-pefran\/\",\"name\":\"Reconocimientos y certificaciones: garant\u00eda de calidad para tus clientes - Pefran\",\"isPartOf\":{\"@id\":\"https:\/\/www.ibericospefran.com\/#website\"},\"datePublished\":\"2025-06-25T07:30:00+00:00\",\"dateModified\":\"2025-06-02T11:36:20+00:00\",\"description\":\"En Ib\u00e9ricos Pefr\u00e1n, nuestras certificaciones y premios son una garant\u00eda para quienes conf\u00edan en nosotros como proveedor.\",\"breadcrumb\":{\"@id\":\"https:\/\/www.ibericospefran.com\/reconocimientos-y-certificaciones-de-ibericos-pefran\/#breadcrumb\"},\"inLanguage\":\"en-GB\",\"potentialAction\":[{\"@type\":\"ReadAction\",\"target\":[\"https:\/\/www.ibericospefran.com\/reconocimientos-y-certificaciones-de-ibericos-pefran\/\"]}]},{\"@type\":\"BreadcrumbList\",\"@id\":\"https:\/\/www.ibericospefran.com\/reconocimientos-y-certificaciones-de-ibericos-pefran\/#breadcrumb\",\"itemListElement\":[{\"@type\":\"ListItem\",\"position\":1,\"name\":\"Portada\",\"item\":\"https:\/\/www.ibericospefran.com\/\"},{\"@type\":\"ListItem\",\"position\":2,\"name\":\"Reconocimientos y certificaciones: garant\u00eda de calidad para tus clientes\"}]},{\"@type\":\"WebSite\",\"@id\":\"https:\/\/www.ibericospefran.com\/#website\",\"url\":\"https:\/\/www.ibericospefran.com\/\",\"name\":\"Ib\u00e9ricos Pefr\u00e1n\",\"description\":\"Embutidos ib\u00e9ricos\",\"publisher\":{\"@id\":\"https:\/\/www.ibericospefran.com\/#organization\"},\"potentialAction\":[{\"@type\":\"SearchAction\",\"target\":{\"@type\":\"EntryPoint\",\"urlTemplate\":\"https:\/\/www.ibericospefran.com\/?s={search_term_string}\"},\"query-input\":\"required name=search_term_string\"}],\"inLanguage\":\"en-GB\"},{\"@type\":\"Organization\",\"@id\":\"https:\/\/www.ibericospefran.com\/#organization\",\"name\":\"Ib\u00e9ricos Pefr\u00e1n\",\"url\":\"https:\/\/www.ibericospefran.com\/\",\"logo\":{\"@type\":\"ImageObject\",\"inLanguage\":\"en-GB\",\"@id\":\"https:\/\/www.ibericospefran.com\/#\/schema\/logo\/image\/\",\"url\":\"https:\/\/www.ibericospefran.com\/wp-content\/uploads\/2022\/11\/Logo_PEFRAN_naturalmente.svg\",\"contentUrl\":\"https:\/\/www.ibericospefran.com\/wp-content\/uploads\/2022\/11\/Logo_PEFRAN_naturalmente.svg\",\"width\":100,\"height\":100,\"caption\":\"Ib\u00e9ricos Pefr\u00e1n\"},\"image\":{\"@id\":\"https:\/\/www.ibericospefran.com\/#\/schema\/logo\/image\/\"},\"sameAs\":[\"https:\/\/www.facebook.com\/ibericospefran\",\"https:\/\/www.linkedin.com\/company\/ibericos-pefran\",\"https:\/\/www.instagram.com\/ibericospefran\/\"]},{\"@type\":\"Person\",\"@id\":\"https:\/\/www.ibericospefran.com\/#\/schema\/person\/4be2f524f4cce93fd9fce3657c01aa9c\",\"name\":\"carmen\"}]}<\/script>\n<!-- \/ Yoast SEO plugin. -->","yoast_head_json":{"title":"Reconocimientos y certificaciones: garant\u00eda de calidad para tus clientes - Pefran","description":"En Ib\u00e9ricos Pefr\u00e1n, nuestras certificaciones y premios son una garant\u00eda para quienes conf\u00edan en nosotros como proveedor.","robots":{"index":"index","follow":"follow","max-snippet":"max-snippet:-1","max-image-preview":"max-image-preview:large","max-video-preview":"max-video-preview:-1"},"canonical":"https:\/\/www.ibericospefran.com\/en\/reconocimientos-y-certificaciones-de-ibericos-pefran\/","og_locale":"en_GB","og_type":"article","og_title":"Reconocimientos y certificaciones: garant\u00eda de calidad para tus clientes - Pefran","og_description":"En Ib\u00e9ricos Pefr\u00e1n, nuestras certificaciones y premios son una garant\u00eda para quienes conf\u00edan en nosotros como proveedor.","og_url":"https:\/\/www.ibericospefran.com\/en\/reconocimientos-y-certificaciones-de-ibericos-pefran\/","og_site_name":"Pefran","article_publisher":"https:\/\/www.facebook.com\/ibericospefran","article_published_time":"2025-06-25T07:30:00+00:00","article_modified_time":"2025-06-02T11:36:20+00:00","og_image":[{"width":1024,"height":768,"url":"https:\/\/www.ibericospefran.com\/wp-content\/uploads\/2025\/06\/BlogPortada_2.jpg","type":"image\/jpeg"}],"author":"carmen","twitter_card":"summary_large_image","twitter_misc":{"Written by":"carmen","Estimated reading time":"2 minutes"},"schema":{"@context":"https:\/\/schema.org","@graph":[{"@type":"Article","@id":"https:\/\/www.ibericospefran.com\/reconocimientos-y-certificaciones-de-ibericos-pefran\/#article","isPartOf":{"@id":"https:\/\/www.ibericospefran.com\/reconocimientos-y-certificaciones-de-ibericos-pefran\/"},"author":{"name":"carmen","@id":"https:\/\/www.ibericospefran.com\/#\/schema\/person\/4be2f524f4cce93fd9fce3657c01aa9c"},"headline":"Reconocimientos y certificaciones: garant\u00eda de calidad para tus clientes","datePublished":"2025-06-25T07:30:00+00:00","dateModified":"2025-06-02T11:36:20+00:00","mainEntityOfPage":{"@id":"https:\/\/www.ibericospefran.com\/reconocimientos-y-certificaciones-de-ibericos-pefran\/"},"wordCount":404,"publisher":{"@id":"https:\/\/www.ibericospefran.com\/#organization"},"keywords":["certificaciones","embutidos ib\u00e9ricos","embutidos pefr\u00e1n","great taste","ib\u00e9ricos de salamanca","Ib\u00e9ricos pefr\u00e1n","premios","productos Pefr\u00e1n","tierra de sabor"],"articleSection":["Certificaciones"],"inLanguage":"en-GB"},{"@type":"WebPage","@id":"https:\/\/www.ibericospefran.com\/reconocimientos-y-certificaciones-de-ibericos-pefran\/","url":"https:\/\/www.ibericospefran.com\/reconocimientos-y-certificaciones-de-ibericos-pefran\/","name":"Reconocimientos y certificaciones: garant\u00eda de calidad para tus clientes - Pefran","isPartOf":{"@id":"https:\/\/www.ibericospefran.com\/#website"},"datePublished":"2025-06-25T07:30:00+00:00","dateModified":"2025-06-02T11:36:20+00:00","description":"En Ib\u00e9ricos Pefr\u00e1n, nuestras certificaciones y premios son una garant\u00eda para quienes conf\u00edan en nosotros como proveedor.","breadcrumb":{"@id":"https:\/\/www.ibericospefran.com\/reconocimientos-y-certificaciones-de-ibericos-pefran\/#breadcrumb"},"inLanguage":"en-GB","potentialAction":[{"@type":"ReadAction","target":["https:\/\/www.ibericospefran.com\/reconocimientos-y-certificaciones-de-ibericos-pefran\/"]}]},{"@type":"BreadcrumbList","@id":"https:\/\/www.ibericospefran.com\/reconocimientos-y-certificaciones-de-ibericos-pefran\/#breadcrumb","itemListElement":[{"@type":"ListItem","position":1,"name":"Portada","item":"https:\/\/www.ibericospefran.com\/"},{"@type":"ListItem","position":2,"name":"Reconocimientos y certificaciones: garant\u00eda de calidad para tus clientes"}]},{"@type":"WebSite","@id":"https:\/\/www.ibericospefran.com\/#website","url":"https:\/\/www.ibericospefran.com\/","name":"Ib\u00e9ricos Pefr\u00e1n","description":"Embutidos ib\u00e9ricos","publisher":{"@id":"https:\/\/www.ibericospefran.com\/#organization"},"potentialAction":[{"@type":"SearchAction","target":{"@type":"EntryPoint","urlTemplate":"https:\/\/www.ibericospefran.com\/?s={search_term_string}"},"query-input":"required name=search_term_string"}],"inLanguage":"en-GB"},{"@type":"Organization","@id":"https:\/\/www.ibericospefran.com\/#organization","name":"Ib\u00e9ricos Pefr\u00e1n","url":"https:\/\/www.ibericospefran.com\/","logo":{"@type":"ImageObject","inLanguage":"en-GB","@id":"https:\/\/www.ibericospefran.com\/#\/schema\/logo\/image\/","url":"https:\/\/www.ibericospefran.com\/wp-content\/uploads\/2022\/11\/Logo_PEFRAN_naturalmente.svg","contentUrl":"https:\/\/www.ibericospefran.com\/wp-content\/uploads\/2022\/11\/Logo_PEFRAN_naturalmente.svg","width":100,"height":100,"caption":"Ib\u00e9ricos Pefr\u00e1n"},"image":{"@id":"https:\/\/www.ibericospefran.com\/#\/schema\/logo\/image\/"},"sameAs":["https:\/\/www.facebook.com\/ibericospefran","https:\/\/www.linkedin.com\/company\/ibericos-pefran","https:\/\/www.instagram.com\/ibericospefran\/"]},{"@type":"Person","@id":"https:\/\/www.ibericospefran.com\/#\/schema\/person\/4be2f524f4cce93fd9fce3657c01aa9c","name":"carmen"}]}},"_links":{"self":[{"href":"https:\/\/www.ibericospefran.com\/en\/wp-json\/wp\/v2\/posts\/2971","targetHints":{"allow":["GET"]}}],"collection":[{"href":"https:\/\/www.ibericospefran.com\/en\/wp-json\/wp\/v2\/posts"}],"about":[{"href":"https:\/\/www.ibericospefran.com\/en\/wp-json\/wp\/v2\/types\/post"}],"author":[{"embeddable":true,"href":"https:\/\/www.ibericospefran.com\/en\/wp-json\/wp\/v2\/users\/2"}],"replies":[{"embeddable":true,"href":"https:\/\/www.ibericospefran.com\/en\/wp-json\/wp\/v2\/comments?post=2971"}],"version-history":[{"count":1,"href":"https:\/\/www.ibericospefran.com\/en\/wp-json\/wp\/v2\/posts\/2971\/revisions"}],"predecessor-version":[{"id":2973,"href":"https:\/\/www.ibericospefran.com\/en\/wp-json\/wp\/v2\/posts\/2971\/revisions\/2973"}],"wp:featuredmedia":[{"embeddable":true,"href":"https:\/\/www.ibericospefran.com\/en\/wp-json\/wp\/v2\/media\/2972"}],"wp:attachment":[{"href":"https:\/\/www.ibericospefran.com\/en\/wp-json\/wp\/v2\/media?parent=2971"}],"wp:term":[{"taxonomy":"category","embeddable":true,"href":"https:\/\/www.ibericospefran.com\/en\/wp-json\/wp\/v2\/categories?post=2971"},{"taxonomy":"post_tag","embeddable":true,"href":"https:\/\/www.ibericospefran.com\/en\/wp-json\/wp\/v2\/tags?post=2971"}],"curies":[{"name":"wp","href":"https:\/\/api.w.org\/{rel}","templated":true}]}}