{"id":2853,"date":"2025-01-07T09:35:00","date_gmt":"2025-01-07T08:35:00","guid":{"rendered":"https:\/\/www.ibericospefran.com\/?p=2853"},"modified":"2025-01-02T17:03:11","modified_gmt":"2025-01-02T16:03:11","slug":"beneficios-grasa-en-embutidos-ibericos","status":"publish","type":"post","link":"https:\/\/www.ibericospefran.com\/en\/beneficios-grasa-en-embutidos-ibericos\/","title":{"rendered":"La importancia de la grasa en los embutidos ib\u00e9ricos: \u00bfpor qu\u00e9 es saludable?"},"content":{"rendered":"<p>Cuando se habla de embutidos ib\u00e9ricos, su calidad y sabor excepcionales se deben, en gran parte, a su grasa. Este componente, lejos de ser un simple detalle, es el alma de estos productos, aportando no solo su caracter\u00edstica textura y jugosidad, sino tambi\u00e9n beneficios para nuestra salud.<\/p>\n\n\n\n<p><strong>Un perfil graso \u00fanico.<\/strong><\/p>\n\n\n\n<p>La grasa de los embutidos ib\u00e9ricos, especialmente los provenientes de cerdos criados en libertad y alimentados con bellotas, contiene un alto porcentaje de \u00e1cido oleico, el mismo que hace famoso al aceite de oliva. Este tipo de grasa tiene propiedades beneficiosas para el coraz\u00f3n: reduce el colesterol LDL (\u00abmalo\u00bb) y aumenta el HDL (\u00abbueno\u00bb). Adem\u00e1s, contiene antioxidantes naturales y vitaminas liposolubles como A, D, y E, esenciales para el sistema inmunol\u00f3gico, los huesos y la piel.<\/p>\n\n\n\n<p><strong>Un deleite para el paladar y el cuerpo.<\/strong><\/p>\n\n\n\n<p>El proceso de infiltraci\u00f3n grasa en los m\u00fasculos del cerdo ib\u00e9rico da lugar a una textura marmoleada que intensifica los sabores y aromas. Este tipo de grasa permite que los embutidos se curen lentamente, desarrollando matices \u00fanicos que hacen de cada pieza un placer inigualable. Consumida con moderaci\u00f3n, no solo es una fuente de energ\u00eda, sino que tambi\u00e9n forma parte de una dieta equilibrada.<\/p>\n\n\n\n<p><strong>Salud y tradici\u00f3n en cada bocado.<\/strong><\/p>\n\n\n\n<p>En los embutidos ib\u00e9ricos, tradici\u00f3n y nutrici\u00f3n se unen para ofrecer productos que no solo deleitan los sentidos, sino que tambi\u00e9n cuidan tu bienestar. Cada loncha, rodaja o bocado representa el cuidado artesanal y la calidad de una alimentaci\u00f3n natural.<\/p>\n\n\n\n<p>En <a href=\"https:\/\/www.ibericospefran.com\/en\/\">Ib\u00e9ricos Pefr\u00e1n<\/a>, estamos comprometidos a ofrecer embutidos ib\u00e9ricos que combinan tradici\u00f3n, salud y sabor inigualable. \u00a1Descubre por qu\u00e9 somos l\u00edderes en calidad!<\/p>\n\n\n\n<p><\/p>","protected":false},"excerpt":{"rendered":"<p>Cuando se habla de embutidos ib\u00e9ricos, su calidad y sabor excepcionales se deben, en gran parte, a su grasa. Este componente, lejos de ser un &hellip;<\/p>\n<p class=\"read-more\"> <a class=\"\" href=\"https:\/\/www.ibericospefran.com\/en\/beneficios-grasa-en-embutidos-ibericos\/\"> <span class=\"screen-reader-text\">La importancia de la grasa en los embutidos ib\u00e9ricos: \u00bfpor qu\u00e9 es saludable?<\/span> Read More &raquo;<\/a><\/p>","protected":false},"author":2,"featured_media":2854,"comment_status":"closed","ping_status":"closed","sticky":false,"template":"","format":"standard","meta":{"_acf_changed":false,"site-sidebar-layout":"default","site-content-layout":"default","ast-global-header-display":"","ast-banner-title-visibility":"","ast-main-header-display":"","ast-hfb-above-header-display":"","ast-hfb-below-header-display":"","ast-hfb-mobile-header-display":"","site-post-title":"","ast-breadcrumbs-content":"","ast-featured-img":"","footer-sml-layout":"","theme-transparent-header-meta":"","adv-header-id-meta":"","stick-header-meta":"","header-above-stick-meta":"","header-main-stick-meta":"","header-below-stick-meta":"","footnotes":""},"categories":[57],"tags":[90,89,88,86,56,87],"class_list":["post-2853","post","type-post","status-publish","format-standard","has-post-thumbnail","hentry","category-consejos","tag-embutidos-ibericos","tag-grasa","tag-noticias","tag-productos","tag-productos-pefran","tag-sabias-que"],"acf":[],"yoast_head":"<!-- This site is optimized with the Yoast SEO plugin v21.8 - https:\/\/yoast.com\/wordpress\/plugins\/seo\/ -->\n<title>La importancia de la grasa en los embutidos ib\u00e9ricos: \u00bfpor qu\u00e9 es saludable? - Pefran<\/title>\n<meta name=\"description\" content=\"Descubre por qu\u00e9 la grasa en los embutidos ib\u00e9ricos es esencial para su sabor y nuestra salud con Ib\u00e9ricos Pefr\u00e1n.\" \/>\n<meta name=\"robots\" content=\"index, follow, max-snippet:-1, max-image-preview:large, max-video-preview:-1\" \/>\n<link rel=\"canonical\" href=\"https:\/\/www.ibericospefran.com\/en\/beneficios-grasa-en-embutidos-ibericos\/\" \/>\n<meta property=\"og:locale\" content=\"en_GB\" \/>\n<meta property=\"og:type\" content=\"article\" \/>\n<meta property=\"og:title\" content=\"La importancia de la grasa en los embutidos ib\u00e9ricos: \u00bfpor qu\u00e9 es saludable? - Pefran\" \/>\n<meta property=\"og:description\" content=\"Descubre por qu\u00e9 la grasa en los embutidos ib\u00e9ricos es esencial para su sabor y nuestra salud con Ib\u00e9ricos Pefr\u00e1n.\" \/>\n<meta property=\"og:url\" content=\"https:\/\/www.ibericospefran.com\/en\/beneficios-grasa-en-embutidos-ibericos\/\" \/>\n<meta property=\"og:site_name\" content=\"Pefran\" \/>\n<meta property=\"article:publisher\" content=\"https:\/\/www.facebook.com\/ibericospefran\" \/>\n<meta property=\"article:published_time\" content=\"2025-01-07T08:35:00+00:00\" \/>\n<meta property=\"article:modified_time\" content=\"2025-01-02T16:03:11+00:00\" \/>\n<meta property=\"og:image\" content=\"https:\/\/www.ibericospefran.com\/wp-content\/uploads\/2025\/01\/BLOG_ENERO_1_GRASA.jpg\" \/>\n\t<meta property=\"og:image:width\" content=\"1024\" \/>\n\t<meta property=\"og:image:height\" content=\"768\" \/>\n\t<meta property=\"og:image:type\" content=\"image\/jpeg\" \/>\n<meta name=\"author\" content=\"carmen\" \/>\n<meta name=\"twitter:card\" content=\"summary_large_image\" \/>\n<meta name=\"twitter:label1\" content=\"Written by\" \/>\n\t<meta name=\"twitter:data1\" content=\"carmen\" \/>\n\t<meta name=\"twitter:label2\" content=\"Estimated reading time\" \/>\n\t<meta name=\"twitter:data2\" content=\"2 minutes\" \/>\n<script type=\"application\/ld+json\" class=\"yoast-schema-graph\">{\"@context\":\"https:\/\/schema.org\",\"@graph\":[{\"@type\":\"Article\",\"@id\":\"https:\/\/www.ibericospefran.com\/beneficios-grasa-en-embutidos-ibericos\/#article\",\"isPartOf\":{\"@id\":\"https:\/\/www.ibericospefran.com\/beneficios-grasa-en-embutidos-ibericos\/\"},\"author\":{\"name\":\"carmen\",\"@id\":\"https:\/\/www.ibericospefran.com\/#\/schema\/person\/4be2f524f4cce93fd9fce3657c01aa9c\"},\"headline\":\"La importancia de la grasa en los embutidos ib\u00e9ricos: \u00bfpor qu\u00e9 es saludable?\",\"datePublished\":\"2025-01-07T08:35:00+00:00\",\"dateModified\":\"2025-01-02T16:03:11+00:00\",\"mainEntityOfPage\":{\"@id\":\"https:\/\/www.ibericospefran.com\/beneficios-grasa-en-embutidos-ibericos\/\"},\"wordCount\":306,\"publisher\":{\"@id\":\"https:\/\/www.ibericospefran.com\/#organization\"},\"keywords\":[\"embutidos ib\u00e9ricos\",\"grasa\",\"noticias\",\"productos\",\"productos Pefr\u00e1n\",\"sab\u00edas qu\u00e9\"],\"articleSection\":[\"Consejos\"],\"inLanguage\":\"en-GB\"},{\"@type\":\"WebPage\",\"@id\":\"https:\/\/www.ibericospefran.com\/beneficios-grasa-en-embutidos-ibericos\/\",\"url\":\"https:\/\/www.ibericospefran.com\/beneficios-grasa-en-embutidos-ibericos\/\",\"name\":\"La importancia de la grasa en los embutidos ib\u00e9ricos: \u00bfpor qu\u00e9 es saludable? - Pefran\",\"isPartOf\":{\"@id\":\"https:\/\/www.ibericospefran.com\/#website\"},\"datePublished\":\"2025-01-07T08:35:00+00:00\",\"dateModified\":\"2025-01-02T16:03:11+00:00\",\"description\":\"Descubre por qu\u00e9 la grasa en los embutidos ib\u00e9ricos es esencial para su sabor y nuestra salud con Ib\u00e9ricos Pefr\u00e1n.\",\"breadcrumb\":{\"@id\":\"https:\/\/www.ibericospefran.com\/beneficios-grasa-en-embutidos-ibericos\/#breadcrumb\"},\"inLanguage\":\"en-GB\",\"potentialAction\":[{\"@type\":\"ReadAction\",\"target\":[\"https:\/\/www.ibericospefran.com\/beneficios-grasa-en-embutidos-ibericos\/\"]}]},{\"@type\":\"BreadcrumbList\",\"@id\":\"https:\/\/www.ibericospefran.com\/beneficios-grasa-en-embutidos-ibericos\/#breadcrumb\",\"itemListElement\":[{\"@type\":\"ListItem\",\"position\":1,\"name\":\"Portada\",\"item\":\"https:\/\/www.ibericospefran.com\/\"},{\"@type\":\"ListItem\",\"position\":2,\"name\":\"La importancia de la grasa en los embutidos ib\u00e9ricos: \u00bfpor qu\u00e9 es saludable?\"}]},{\"@type\":\"WebSite\",\"@id\":\"https:\/\/www.ibericospefran.com\/#website\",\"url\":\"https:\/\/www.ibericospefran.com\/\",\"name\":\"Ib\u00e9ricos Pefr\u00e1n\",\"description\":\"Embutidos ib\u00e9ricos\",\"publisher\":{\"@id\":\"https:\/\/www.ibericospefran.com\/#organization\"},\"potentialAction\":[{\"@type\":\"SearchAction\",\"target\":{\"@type\":\"EntryPoint\",\"urlTemplate\":\"https:\/\/www.ibericospefran.com\/?s={search_term_string}\"},\"query-input\":\"required name=search_term_string\"}],\"inLanguage\":\"en-GB\"},{\"@type\":\"Organization\",\"@id\":\"https:\/\/www.ibericospefran.com\/#organization\",\"name\":\"Ib\u00e9ricos Pefr\u00e1n\",\"url\":\"https:\/\/www.ibericospefran.com\/\",\"logo\":{\"@type\":\"ImageObject\",\"inLanguage\":\"en-GB\",\"@id\":\"https:\/\/www.ibericospefran.com\/#\/schema\/logo\/image\/\",\"url\":\"https:\/\/www.ibericospefran.com\/wp-content\/uploads\/2022\/11\/Logo_PEFRAN_naturalmente.svg\",\"contentUrl\":\"https:\/\/www.ibericospefran.com\/wp-content\/uploads\/2022\/11\/Logo_PEFRAN_naturalmente.svg\",\"width\":100,\"height\":100,\"caption\":\"Ib\u00e9ricos Pefr\u00e1n\"},\"image\":{\"@id\":\"https:\/\/www.ibericospefran.com\/#\/schema\/logo\/image\/\"},\"sameAs\":[\"https:\/\/www.facebook.com\/ibericospefran\",\"https:\/\/www.linkedin.com\/company\/ibericos-pefran\",\"https:\/\/www.instagram.com\/ibericospefran\/\"]},{\"@type\":\"Person\",\"@id\":\"https:\/\/www.ibericospefran.com\/#\/schema\/person\/4be2f524f4cce93fd9fce3657c01aa9c\",\"name\":\"carmen\"}]}<\/script>\n<!-- \/ Yoast SEO plugin. -->","yoast_head_json":{"title":"La importancia de la grasa en los embutidos ib\u00e9ricos: \u00bfpor qu\u00e9 es saludable? - Pefran","description":"Descubre por qu\u00e9 la grasa en los embutidos ib\u00e9ricos es esencial para su sabor y nuestra salud con Ib\u00e9ricos Pefr\u00e1n.","robots":{"index":"index","follow":"follow","max-snippet":"max-snippet:-1","max-image-preview":"max-image-preview:large","max-video-preview":"max-video-preview:-1"},"canonical":"https:\/\/www.ibericospefran.com\/en\/beneficios-grasa-en-embutidos-ibericos\/","og_locale":"en_GB","og_type":"article","og_title":"La importancia de la grasa en los embutidos ib\u00e9ricos: \u00bfpor qu\u00e9 es saludable? - Pefran","og_description":"Descubre por qu\u00e9 la grasa en los embutidos ib\u00e9ricos es esencial para su sabor y nuestra salud con Ib\u00e9ricos Pefr\u00e1n.","og_url":"https:\/\/www.ibericospefran.com\/en\/beneficios-grasa-en-embutidos-ibericos\/","og_site_name":"Pefran","article_publisher":"https:\/\/www.facebook.com\/ibericospefran","article_published_time":"2025-01-07T08:35:00+00:00","article_modified_time":"2025-01-02T16:03:11+00:00","og_image":[{"width":1024,"height":768,"url":"https:\/\/www.ibericospefran.com\/wp-content\/uploads\/2025\/01\/BLOG_ENERO_1_GRASA.jpg","type":"image\/jpeg"}],"author":"carmen","twitter_card":"summary_large_image","twitter_misc":{"Written by":"carmen","Estimated reading time":"2 minutes"},"schema":{"@context":"https:\/\/schema.org","@graph":[{"@type":"Article","@id":"https:\/\/www.ibericospefran.com\/beneficios-grasa-en-embutidos-ibericos\/#article","isPartOf":{"@id":"https:\/\/www.ibericospefran.com\/beneficios-grasa-en-embutidos-ibericos\/"},"author":{"name":"carmen","@id":"https:\/\/www.ibericospefran.com\/#\/schema\/person\/4be2f524f4cce93fd9fce3657c01aa9c"},"headline":"La importancia de la grasa en los embutidos ib\u00e9ricos: \u00bfpor qu\u00e9 es saludable?","datePublished":"2025-01-07T08:35:00+00:00","dateModified":"2025-01-02T16:03:11+00:00","mainEntityOfPage":{"@id":"https:\/\/www.ibericospefran.com\/beneficios-grasa-en-embutidos-ibericos\/"},"wordCount":306,"publisher":{"@id":"https:\/\/www.ibericospefran.com\/#organization"},"keywords":["embutidos ib\u00e9ricos","grasa","noticias","productos","productos Pefr\u00e1n","sab\u00edas qu\u00e9"],"articleSection":["Consejos"],"inLanguage":"en-GB"},{"@type":"WebPage","@id":"https:\/\/www.ibericospefran.com\/beneficios-grasa-en-embutidos-ibericos\/","url":"https:\/\/www.ibericospefran.com\/beneficios-grasa-en-embutidos-ibericos\/","name":"La importancia de la grasa en los embutidos ib\u00e9ricos: \u00bfpor qu\u00e9 es saludable? - Pefran","isPartOf":{"@id":"https:\/\/www.ibericospefran.com\/#website"},"datePublished":"2025-01-07T08:35:00+00:00","dateModified":"2025-01-02T16:03:11+00:00","description":"Descubre por qu\u00e9 la grasa en los embutidos ib\u00e9ricos es esencial para su sabor y nuestra salud con Ib\u00e9ricos Pefr\u00e1n.","breadcrumb":{"@id":"https:\/\/www.ibericospefran.com\/beneficios-grasa-en-embutidos-ibericos\/#breadcrumb"},"inLanguage":"en-GB","potentialAction":[{"@type":"ReadAction","target":["https:\/\/www.ibericospefran.com\/beneficios-grasa-en-embutidos-ibericos\/"]}]},{"@type":"BreadcrumbList","@id":"https:\/\/www.ibericospefran.com\/beneficios-grasa-en-embutidos-ibericos\/#breadcrumb","itemListElement":[{"@type":"ListItem","position":1,"name":"Portada","item":"https:\/\/www.ibericospefran.com\/"},{"@type":"ListItem","position":2,"name":"La importancia de la grasa en los embutidos ib\u00e9ricos: \u00bfpor qu\u00e9 es saludable?"}]},{"@type":"WebSite","@id":"https:\/\/www.ibericospefran.com\/#website","url":"https:\/\/www.ibericospefran.com\/","name":"Ib\u00e9ricos Pefr\u00e1n","description":"Embutidos ib\u00e9ricos","publisher":{"@id":"https:\/\/www.ibericospefran.com\/#organization"},"potentialAction":[{"@type":"SearchAction","target":{"@type":"EntryPoint","urlTemplate":"https:\/\/www.ibericospefran.com\/?s={search_term_string}"},"query-input":"required name=search_term_string"}],"inLanguage":"en-GB"},{"@type":"Organization","@id":"https:\/\/www.ibericospefran.com\/#organization","name":"Ib\u00e9ricos Pefr\u00e1n","url":"https:\/\/www.ibericospefran.com\/","logo":{"@type":"ImageObject","inLanguage":"en-GB","@id":"https:\/\/www.ibericospefran.com\/#\/schema\/logo\/image\/","url":"https:\/\/www.ibericospefran.com\/wp-content\/uploads\/2022\/11\/Logo_PEFRAN_naturalmente.svg","contentUrl":"https:\/\/www.ibericospefran.com\/wp-content\/uploads\/2022\/11\/Logo_PEFRAN_naturalmente.svg","width":100,"height":100,"caption":"Ib\u00e9ricos Pefr\u00e1n"},"image":{"@id":"https:\/\/www.ibericospefran.com\/#\/schema\/logo\/image\/"},"sameAs":["https:\/\/www.facebook.com\/ibericospefran","https:\/\/www.linkedin.com\/company\/ibericos-pefran","https:\/\/www.instagram.com\/ibericospefran\/"]},{"@type":"Person","@id":"https:\/\/www.ibericospefran.com\/#\/schema\/person\/4be2f524f4cce93fd9fce3657c01aa9c","name":"carmen"}]}},"_links":{"self":[{"href":"https:\/\/www.ibericospefran.com\/en\/wp-json\/wp\/v2\/posts\/2853","targetHints":{"allow":["GET"]}}],"collection":[{"href":"https:\/\/www.ibericospefran.com\/en\/wp-json\/wp\/v2\/posts"}],"about":[{"href":"https:\/\/www.ibericospefran.com\/en\/wp-json\/wp\/v2\/types\/post"}],"author":[{"embeddable":true,"href":"https:\/\/www.ibericospefran.com\/en\/wp-json\/wp\/v2\/users\/2"}],"replies":[{"embeddable":true,"href":"https:\/\/www.ibericospefran.com\/en\/wp-json\/wp\/v2\/comments?post=2853"}],"version-history":[{"count":1,"href":"https:\/\/www.ibericospefran.com\/en\/wp-json\/wp\/v2\/posts\/2853\/revisions"}],"predecessor-version":[{"id":2855,"href":"https:\/\/www.ibericospefran.com\/en\/wp-json\/wp\/v2\/posts\/2853\/revisions\/2855"}],"wp:featuredmedia":[{"embeddable":true,"href":"https:\/\/www.ibericospefran.com\/en\/wp-json\/wp\/v2\/media\/2854"}],"wp:attachment":[{"href":"https:\/\/www.ibericospefran.com\/en\/wp-json\/wp\/v2\/media?parent=2853"}],"wp:term":[{"taxonomy":"category","embeddable":true,"href":"https:\/\/www.ibericospefran.com\/en\/wp-json\/wp\/v2\/categories?post=2853"},{"taxonomy":"post_tag","embeddable":true,"href":"https:\/\/www.ibericospefran.com\/en\/wp-json\/wp\/v2\/tags?post=2853"}],"curies":[{"name":"wp","href":"https:\/\/api.w.org\/{rel}","templated":true}]}}